{"id":1014,"date":"2017-04-26T16:43:24","date_gmt":"2017-04-26T16:43:24","guid":{"rendered":"http:\/\/www.michihenomon.de\/?p=1014"},"modified":"2017-04-26T19:02:18","modified_gmt":"2017-04-26T19:02:18","slug":"20-jahre-michihenomon","status":"publish","type":"post","link":"https:\/\/www.michihenomon.de\/?p=1014","title":{"rendered":"20 Jahre Michihenomon"},"content":{"rendered":"<p>Ostern stand vor der T\u00fcr und damit ein f\u00fcr uns ganz besonderes Datum.<br \/>\nMichihenomon hatte sein 20 &nbsp;j\u00e4hriges Bestehen und dies musste geb\u00fchrend gefeiert werden. So haben wir uns am 15.Aprill 2017 mit Mitstreitern und Begleitern sowie den aktuellen Sportfreunden in Oranienburg in der Sonnenburg zusammengefunden, um dies geb\u00fchrend zu feiern. Unser Vorstand und Gr\u00fcndungsmitglied, Heike Hemmerling, erz\u00e4hlte aus der Geschichte des Vereins von der Gr\u00fcndung bis zum heutigen Tage. Auch lagen 2 Ordner mit den gesammelten Zeitungsartikeln, den Erfolgen unserer Mitglieder und Fotos aus. Es wurde viel erz\u00e4hlt und ausgetauscht. Die Erfahrungen ausserhalb von unserem Verein geteilt und Pl\u00e4ne f\u00fcr die Zukunft gemacht.<\/p>\n<p>Ich m\u00f6chte mich an dieser Stelle bei Martin f\u00fcr die Organisation und bei der Sonneburg f\u00fcr das lecker Buffet bedanken.<\/p>\n<p>Auch nat\u00fcrlich nochmal bei Vivi und Frank f\u00fcr das tolle Banner, welches sofort einen Ehrenplatz in unserer Halle erhalten hat.<\/p>\n<p>Ich w\u00fcnsche uns allen weiterhin erfolgreiche und mit viel Freude und Erfahrungen gef\u00fcllte Jahre.<\/p>\n<p>Oss! S\u00f6ren (2. Vorstand)<\/p>\nngg_shortcode_0_placeholder\n","protected":false},"excerpt":{"rendered":"<p>Ostern stand vor der T\u00fcr und damit ein f\u00fcr uns ganz besonderes Datum. Michihenomon hatte sein 20 &nbsp;j\u00e4hriges Bestehen und dies musste geb\u00fchrend gefeiert werden. So haben wir uns am 15.Aprill 2017 mit Mitstreitern und Begleitern sowie den aktuellen Sportfreunden in Oranienburg in der Sonnenburg zusammengefunden, um dies geb\u00fchrend zu feiern. Unser Vorstand und Gr\u00fcndungsmitglied,&#8230;<\/p>\n","protected":false},"author":1,"featured_media":0,"comment_status":"open","ping_status":"open","sticky":false,"template":"","format":"standard","meta":{"ngg_post_thumbnail":0,"footnotes":""},"categories":[1,15],"tags":[24,21,44,43,30,28,36,39],"class_list":["post-1014","post","type-post","status-publish","format-standard","hentry","category-allgemein","category-termine","tag-kampfsport","tag-karate","tag-karate-berlin","tag-karate-oranienburg","tag-kendo","tag-shotokan","tag-sport","tag-verein"],"_links":{"self":[{"href":"https:\/\/www.michihenomon.de\/index.php?rest_route=\/wp\/v2\/posts\/1014","targetHints":{"allow":["GET"]}}],"collection":[{"href":"https:\/\/www.michihenomon.de\/index.php?rest_route=\/wp\/v2\/posts"}],"about":[{"href":"https:\/\/www.michihenomon.de\/index.php?rest_route=\/wp\/v2\/types\/post"}],"author":[{"embeddable":true,"href":"https:\/\/www.michihenomon.de\/index.php?rest_route=\/wp\/v2\/users\/1"}],"replies":[{"embeddable":true,"href":"https:\/\/www.michihenomon.de\/index.php?rest_route=%2Fwp%2Fv2%2Fcomments&post=1014"}],"version-history":[{"count":16,"href":"https:\/\/www.michihenomon.de\/index.php?rest_route=\/wp\/v2\/posts\/1014\/revisions"}],"predecessor-version":[{"id":1031,"href":"https:\/\/www.michihenomon.de\/index.php?rest_route=\/wp\/v2\/posts\/1014\/revisions\/1031"}],"wp:attachment":[{"href":"https:\/\/www.michihenomon.de\/index.php?rest_route=%2Fwp%2Fv2%2Fmedia&parent=1014"}],"wp:term":[{"taxonomy":"category","embeddable":true,"href":"https:\/\/www.michihenomon.de\/index.php?rest_route=%2Fwp%2Fv2%2Fcategories&post=1014"},{"taxonomy":"post_tag","embeddable":true,"href":"https:\/\/www.michihenomon.de\/index.php?rest_route=%2Fwp%2Fv2%2Ftags&post=1014"}],"curies":[{"name":"wp","href":"https:\/\/api.w.org\/{rel}","templated":true}]}}