{"id":1057,"date":"2017-09-11T15:23:49","date_gmt":"2017-09-11T15:23:49","guid":{"rendered":"http:\/\/www.michihenomon.de\/?p=1057"},"modified":"2017-09-11T15:23:49","modified_gmt":"2017-09-11T15:23:49","slug":"budo-camp-in-rogowo-2017","status":"publish","type":"post","link":"https:\/\/www.michihenomon.de\/?p=1057","title":{"rendered":"Budo Camp in Rogowo 2017"},"content":{"rendered":"<div class=\"_4tdt _ua1\">\n<div class=\"_ua2\">\n<div class=\"_4tdv\">\n<div class=\"_5wd4 _1nc7\">\n<div class=\"_h8t\">\n<div class=\"_5wd9 direction_ltr\">\n<div class=\"_5wde _n4o\">\n<div class=\"_5w1r _3_om _5wdf\">\n<div class=\"_4gx_\">\n<div class=\"_d97\"><span class=\"_5yl5\">Da in den Ferien im Michihenomon e.V. leider kein Training statt findet, haben wir Gott sei Dank andere M\u00f6glichkeiten unserer Kampfkunst nachzugehen.<\/span><\/div>\n<\/div>\n<\/div>\n<\/div>\n<\/div>\n<\/div>\n<\/div>\n<\/div>\n<\/div>\n<\/div>\n<div class=\"_4tdt _ua1\">\n<div class=\"_31o4 _3njy\"><\/div>\n<div class=\"_ua2\">\n<div class=\"_4tdv\">\n<div class=\"_5wd4 _1nc7\">\n<div class=\"_h8t\">\n<div class=\"_5wd9 direction_ltr\">\n<div class=\"_5wde _n4o\">\n<div class=\"_5w1r _3_om _5wdf\">\n<div class=\"_4gx_\">\n<div class=\"_d97\"><span class=\"_5yl5\">Eine davon ist das Budo Camp in Polen. Dort hat man das Vergn\u00fcgen bei B\u00fcki Sensei, Kohl Sensei, Weiselowski Sensei, Mehnert Sensei sowie Lech Sensei verschiedene Kampfk\u00fcnste zu trainieren. Dazu z\u00e4hlt Karate, Aikido, Kenjutso &amp; Brazilian Jiu Jistu. Martin, Hemmerling Sensei und ich (Maik) wollten uns das nicht entgehen lassen. Sonntag angekommen, bezogen wir erstmal unsere Zimmer, a\u00dfen Abendbrot beim Italiener und setzten uns sp\u00e4ter bei einem gem\u00fctlichen Bier zu den Meistern. Montag begann mit einem leckeren Fr\u00fchst\u00fcck &amp; anschlie\u00dfenden 3h Karate Training. Thema der Woche war der Nahkampf sowie Techniken aus Okinawa, dem Ursprungsland des Karate Do.<\/span><\/div>\n<\/div>\n<\/div>\n<\/div>\n<\/div>\n<\/div>\n<\/div>\n<\/div>\n<\/div>\n<\/div>\n<div class=\"_4tdt _ua1\">\n<div class=\"_31o4 _3njy\"><\/div>\n<div class=\"_ua2\">\n<div class=\"_4tdv\">\n<div class=\"_5wd4 _1nc7\">\n<div class=\"_h8t\">\n<div class=\"_5wd9 direction_ltr\">\n<div class=\"_5wde _n4o\">\n<div class=\"_5w1r _3_om _5wdf\">\n<div class=\"_4gx_\">\n<div class=\"_d97\"><span class=\"_5yl5\">Eine kurze Erfrischung in der Ostsee, gefolgt von gutem Mittagessen, beendete die erste H\u00e4lfte des Tages. Am Nachmittag hatten wir Zeit f\u00fcr uns, guckten uns auf M\u00e4rkten um und besuchten auch mal die n\u00e4chst gelegene Stadt Kolberg. Am Abend nach dem Abendbrot entschieden wir uns f\u00fcr Brazilian Jiu Jitsu (Bodenkampf). Danach folgte die Begr\u00fc\u00dfungsparty mit reichlich Bier und Musik. So vergingen auch die anderen Tage inkl. der Bergfestparty am Mittwoch sowie der Abschlussparty am Freitag. Sensei Hemmerling besch\u00e4ftigte sich nebenbei noch mit ihren Pr\u00fcfungsvorbereitungen zum 3. Dan, den Sie am Freitag auch erfolgreich bestand. Darauf konnten wir am Abend gemeinsam mit anderen Pr\u00fcflingen ansto\u00dfen. Insgesamt hatten wir eine tolle Woche mit viel Training &amp; super Verpflegung. Das Wetter hat mitgespielt und wir konnten alte Freundschaften pflegen sowie neue aufbauen. N\u00e4chstes Jahr wollen wir gerne wieder dabei sein. Abschlie\u00dfend einen gro\u00dfen Dank an die Meister die uns das erm\u00f6glichten. <\/span><\/div>\n<div class=\"_d97\"><\/div>\n<div class=\"_d97\"><span class=\"_5yl5\">Oss, Maik!<\/span><\/div>\n<\/div>\n<\/div>\n<\/div>\n<\/div>\n<\/div>\n<\/div>\n<\/div>\n<\/div>\n<\/div>\n","protected":false},"excerpt":{"rendered":"<p>Da in den Ferien im Michihenomon e.V. leider kein Training statt findet, haben wir Gott sei Dank andere M\u00f6glichkeiten unserer Kampfkunst nachzugehen. Eine davon ist das Budo Camp in Polen. Dort hat man das Vergn\u00fcgen bei B\u00fcki Sensei, Kohl Sensei, Weiselowski Sensei, Mehnert Sensei sowie Lech Sensei verschiedene Kampfk\u00fcnste zu trainieren. Dazu z\u00e4hlt Karate, Aikido,&#8230;<\/p>\n","protected":false},"author":2,"featured_media":0,"comment_status":"open","ping_status":"open","sticky":false,"template":"","format":"standard","meta":{"ngg_post_thumbnail":0,"footnotes":""},"categories":[1],"tags":[63,61,21,62,28],"class_list":["post-1057","post","type-post","status-publish","format-standard","hentry","category-allgemein","tag-brazilian-jiu-jitsu","tag-budo","tag-karate","tag-michihenomon-e-v","tag-shotokan"],"_links":{"self":[{"href":"https:\/\/www.michihenomon.de\/index.php?rest_route=\/wp\/v2\/posts\/1057","targetHints":{"allow":["GET"]}}],"collection":[{"href":"https:\/\/www.michihenomon.de\/index.php?rest_route=\/wp\/v2\/posts"}],"about":[{"href":"https:\/\/www.michihenomon.de\/index.php?rest_route=\/wp\/v2\/types\/post"}],"author":[{"embeddable":true,"href":"https:\/\/www.michihenomon.de\/index.php?rest_route=\/wp\/v2\/users\/2"}],"replies":[{"embeddable":true,"href":"https:\/\/www.michihenomon.de\/index.php?rest_route=%2Fwp%2Fv2%2Fcomments&post=1057"}],"version-history":[{"count":1,"href":"https:\/\/www.michihenomon.de\/index.php?rest_route=\/wp\/v2\/posts\/1057\/revisions"}],"predecessor-version":[{"id":1058,"href":"https:\/\/www.michihenomon.de\/index.php?rest_route=\/wp\/v2\/posts\/1057\/revisions\/1058"}],"wp:attachment":[{"href":"https:\/\/www.michihenomon.de\/index.php?rest_route=%2Fwp%2Fv2%2Fmedia&parent=1057"}],"wp:term":[{"taxonomy":"category","embeddable":true,"href":"https:\/\/www.michihenomon.de\/index.php?rest_route=%2Fwp%2Fv2%2Fcategories&post=1057"},{"taxonomy":"post_tag","embeddable":true,"href":"https:\/\/www.michihenomon.de\/index.php?rest_route=%2Fwp%2Fv2%2Ftags&post=1057"}],"curies":[{"name":"wp","href":"https:\/\/api.w.org\/{rel}","templated":true}]}}