{"id":1071,"date":"2017-10-23T10:52:48","date_gmt":"2017-10-23T10:52:48","guid":{"rendered":"http:\/\/www.michihenomon.de\/?p=1071"},"modified":"2017-10-23T14:01:50","modified_gmt":"2017-10-23T14:01:50","slug":"lehrgang-mit-bertel-sensei","status":"publish","type":"post","link":"https:\/\/www.michihenomon.de\/?p=1071","title":{"rendered":"Lehrgang mit Bertel Sensei"},"content":{"rendered":"<p><span style=\"font-weight: 400;\">Es begann Anfang des Jahres. Martin, der einen sehr guten \u00dcberblick \u00fcber bevorstehende Veranstaltungen hat, machte uns aufmerksam, das <a href=\"http:\/\/andrebertel.blogspot.de\/\">Sensei Andre Bertel<\/a> dieses Jahr einen Lehrgang in Krefeld ausrichtet. Der einzige Lehrgang in ganz Deutschland. Dabei spielte auch Martins Beziehung zu Sensei Bertel Lehre eine Rolle. Beeinflusst durch viele Erz\u00e4hlungen und gute Eindr\u00fccke entschlossen sich einige unserer Karateka im Oktober aufbrechen zu wollen. Der erste Schritt war getan.<\/span><\/p>\n<p><img loading=\"lazy\" decoding=\"async\" class=\"alignleft wp-image-1074 size-medium\" src=\"http:\/\/www.michihenomon.de\/wp\/wp-content\/uploads\/2017\/10\/22635191_1573038296089858_1058875262_n-169x300.jpg\" alt=\"\" width=\"169\" height=\"300\" srcset=\"https:\/\/www.michihenomon.de\/wp\/wp-content\/uploads\/2017\/10\/22635191_1573038296089858_1058875262_n-169x300.jpg 169w, https:\/\/www.michihenomon.de\/wp\/wp-content\/uploads\/2017\/10\/22635191_1573038296089858_1058875262_n.jpg 540w\" sizes=\"auto, (max-width: 169px) 100vw, 169px\" \/><\/p>\n<p><span style=\"font-weight: 400;\">Los ging es am 6.10. Richtung Krefeld. Einen Tag zus\u00e4tzlich f\u00fcr die Anfahrt g\u00f6nnten wir uns, um am n\u00e4chsten Morgen mit voller Kraft den Lehrgang bestreiten zu k\u00f6nnen. Mit dabei waren Vivi und Frank vom <a href=\"https:\/\/www.sc-eintracht-berlin.de\/\">SC-Eintracht Berlin<\/a>, die uns nicht nur begleiteten, sondern auch unsere Mitfahrgelegenheit darstellten. Vivi und Frank sind Freunde des Vereins, vor allem auch durch das Training, das der SC-Eintracht uns erm\u00f6glicht, und echte Mitstreiter.&nbsp;Nach \u00fcber 6h Fahrt kamen wir m\u00fcde in Krefeld an, bezogen unsere Zimmer und stie\u00dfen noch auf die kommenden Tage an. Dann war schlafen angesagt,&nbsp;morgens um 2 Uhr.<\/span><\/p>\n<p>&nbsp;<\/p>\n<p>&nbsp;<\/p>\n<p><img loading=\"lazy\" decoding=\"async\" class=\"alignright wp-image-1076 size-medium\" src=\"http:\/\/www.michihenomon.de\/wp\/wp-content\/uploads\/2017\/10\/22635351_1573038319423189_1749167763_n-300x169.jpg\" alt=\"\" width=\"300\" height=\"169\" srcset=\"https:\/\/www.michihenomon.de\/wp\/wp-content\/uploads\/2017\/10\/22635351_1573038319423189_1749167763_n-300x169.jpg 300w, https:\/\/www.michihenomon.de\/wp\/wp-content\/uploads\/2017\/10\/22635351_1573038319423189_1749167763_n-768x432.jpg 768w, https:\/\/www.michihenomon.de\/wp\/wp-content\/uploads\/2017\/10\/22635351_1573038319423189_1749167763_n-500x281.jpg 500w, https:\/\/www.michihenomon.de\/wp\/wp-content\/uploads\/2017\/10\/22635351_1573038319423189_1749167763_n.jpg 960w\" sizes=\"auto, (max-width: 300px) 100vw, 300px\" \/><\/p>\n<p>Der morgen des 7.10. begann mit einem ausgewogenen Fr\u00fchst\u00fcck im Hotel, einer Hei\u00dfen Dusche und der Fahrt zur Turnhalle. Nach den \u00fcblichen Formalit\u00e4ten ging es los. Gleich zu beginn beeindruckte uns Bertel Sensei mit seiner Offenen und Sympatischen Art. So wurden auch Sachverhalte ausf\u00fchrlich erkl\u00e4rt und es gab immer noch einen Spa\u00df dazu. Gelehrt wurden vor allem Grunds\u00e4tze und einige eher un\u00fcbliche Techniken, mit denen wir uns im Training in unserem Dojo weiter besch\u00e4ftigen werden. Nach 5,5h Training (2h Training, 1,5h Pause, 2h Training) war der erste Tag geschafft. Abends gab es dann eine kleine Feierlichkeit in Krefeld.<\/p>\n<p class=\"alignleft\"><img loading=\"lazy\" decoding=\"async\" class=\"alignleft wp-image-1075 size-medium\" src=\"http:\/\/www.michihenomon.de\/wp\/wp-content\/uploads\/2017\/10\/22641936_1573038322756522_872786848_o-300x168.jpg\" alt=\"\" width=\"300\" height=\"168\" srcset=\"https:\/\/www.michihenomon.de\/wp\/wp-content\/uploads\/2017\/10\/22641936_1573038322756522_872786848_o-300x168.jpg 300w, https:\/\/www.michihenomon.de\/wp\/wp-content\/uploads\/2017\/10\/22641936_1573038322756522_872786848_o-768x430.jpg 768w, https:\/\/www.michihenomon.de\/wp\/wp-content\/uploads\/2017\/10\/22641936_1573038322756522_872786848_o-1024x574.jpg 1024w, https:\/\/www.michihenomon.de\/wp\/wp-content\/uploads\/2017\/10\/22641936_1573038322756522_872786848_o-500x280.jpg 500w, https:\/\/www.michihenomon.de\/wp\/wp-content\/uploads\/2017\/10\/22641936_1573038322756522_872786848_o.jpg 2048w\" sizes=\"auto, (max-width: 300px) 100vw, 300px\" \/>Am Letzten Tag gab es noch mal 6h Training (2h Training, 2h pause, 2h Training). Es wurde weiter auf Grunds\u00e4tzen aufgebaut, die wir am Tag zuvor gelernt hatten. Das Stichwort &#8222;Ground Power&#8220; war uns langsam ins Blut \u00fcbergegangen, nur die Umsetzung muss noch optimiert werden.<br \/>\nAm Abend diesen letzten Tages machten wir uns dann Wieder auf den Heimweg. Sehr M\u00fcde, aber doch froh \u00fcber die letzten Tage, kamen wir Nachts Zuhause an.<\/p>\n<p>Das <strong>Fazit<\/strong> des Ganzen, sehr gutes Training, nette Leute aus der Ganzen Welt und ein echt guter Vortgeschrittener Lehrgang. Lehrg\u00e4nge bei Sensei Bertel k\u00f6nnen wir nur weiter Empfehlen. Wir danken an dieser Stelle dem&nbsp;<a href=\"http:\/\/www.karate-krefeld.de\/\">Karate Dojo Nakayama Krefeld e.V.<\/a>&nbsp;f\u00fcr die Ausrichtung dieses sehr interessanten Lehrgangs, Andre Bertel und&nbsp;<span class=\"fwn fcg\"><span class=\"fcg\"><span class=\"fwb\">Takafumi Morooka f\u00fcr das tolle Training&nbsp;<\/span><\/span><\/span>sowie Vivien und Frank vom <a href=\"https:\/\/www.sc-eintracht-berlin.de\/\">SC-Eintracht<\/a>, dass sie uns begleitete haben.<\/p>\n<p><iframe loading=\"lazy\" style=\"border: none; overflow: hidden;\" src=\"https:\/\/www.facebook.com\/plugins\/post.php?href=https%3A%2F%2Fwww.facebook.com%2Fkaratekrefeld%2Fposts%2F1719680344743507&amp;width=500\" width=\"500\" height=\"699\" frameborder=\"0\" scrolling=\"no\"><\/iframe><\/p>\n","protected":false},"excerpt":{"rendered":"<p>Es begann Anfang des Jahres. Martin, der einen sehr guten \u00dcberblick \u00fcber bevorstehende Veranstaltungen hat, machte uns aufmerksam, das Sensei Andre Bertel dieses Jahr einen Lehrgang in Krefeld ausrichtet. Der einzige Lehrgang in ganz Deutschland. Dabei spielte auch Martins Beziehung zu Sensei Bertel Lehre eine Rolle. Beeinflusst durch viele Erz\u00e4hlungen und gute Eindr\u00fccke entschlossen sich&#8230;<\/p>\n","protected":false},"author":6,"featured_media":0,"comment_status":"open","ping_status":"open","sticky":false,"template":"","format":"standard","meta":{"ngg_post_thumbnail":0,"footnotes":""},"categories":[1],"tags":[64,21,43,53],"class_list":["post-1071","post","type-post","status-publish","format-standard","hentry","category-allgemein","tag-andre-bertel","tag-karate","tag-karate-oranienburg","tag-shotokan-karate"],"_links":{"self":[{"href":"https:\/\/www.michihenomon.de\/index.php?rest_route=\/wp\/v2\/posts\/1071","targetHints":{"allow":["GET"]}}],"collection":[{"href":"https:\/\/www.michihenomon.de\/index.php?rest_route=\/wp\/v2\/posts"}],"about":[{"href":"https:\/\/www.michihenomon.de\/index.php?rest_route=\/wp\/v2\/types\/post"}],"author":[{"embeddable":true,"href":"https:\/\/www.michihenomon.de\/index.php?rest_route=\/wp\/v2\/users\/6"}],"replies":[{"embeddable":true,"href":"https:\/\/www.michihenomon.de\/index.php?rest_route=%2Fwp%2Fv2%2Fcomments&post=1071"}],"version-history":[{"count":6,"href":"https:\/\/www.michihenomon.de\/index.php?rest_route=\/wp\/v2\/posts\/1071\/revisions"}],"predecessor-version":[{"id":1089,"href":"https:\/\/www.michihenomon.de\/index.php?rest_route=\/wp\/v2\/posts\/1071\/revisions\/1089"}],"wp:attachment":[{"href":"https:\/\/www.michihenomon.de\/index.php?rest_route=%2Fwp%2Fv2%2Fmedia&parent=1071"}],"wp:term":[{"taxonomy":"category","embeddable":true,"href":"https:\/\/www.michihenomon.de\/index.php?rest_route=%2Fwp%2Fv2%2Fcategories&post=1071"},{"taxonomy":"post_tag","embeddable":true,"href":"https:\/\/www.michihenomon.de\/index.php?rest_route=%2Fwp%2Fv2%2Ftags&post=1071"}],"curies":[{"name":"wp","href":"https:\/\/api.w.org\/{rel}","templated":true}]}}