{"id":1124,"date":"2018-08-13T19:32:52","date_gmt":"2018-08-13T19:32:52","guid":{"rendered":"http:\/\/www.michihenomon.de\/?p=1124"},"modified":"2018-08-13T19:32:52","modified_gmt":"2018-08-13T19:32:52","slug":"lehrgang-andre-bertel-juni-2018","status":"publish","type":"post","link":"https:\/\/www.michihenomon.de\/?p=1124","title":{"rendered":"Lehrgang Andr\u00e9 Bertel Juni 2018"},"content":{"rendered":"<p>Am 29.6.18 fuhren, Martin, Fabian, Vivien, Frank, Anja und ich nach Halle zum Lehrgang von Andr\u00e9 Bertel-sensei der uns an diesem Wochenende mit seinem Karate bereichern sollte.<\/p>\n<p>Andr\u00e9 Bertel ist ein Karateka aus Neuseeland der schon viele Erfolge im Sportkarate erzielen konnte und den Budoweg nach Lehren seines Meisters Asai Tetsuhiko nun in die Welt hinaustr\u00e4gt.<\/p>\n<p>\u00dcber die 2 Tage erhielten wir Tipps und Trainingsmethoden um lockerer zu werden, \u00fcbten uns in 2 Kampf- und Selbstverteidigungstechniken und erhielten Einblick in eine der Asai Kata, &#8222;Kakuyoku Sandan&#8220;. Was bis dato das erste Mal war das Bertel-sensei diese in einem seiner Lehrg\u00e4nge unterrichtete.<\/p>\n<p>Eine sehr sch\u00f6ne Kata (Form) mit einem tollen Mix aus harten und weichen Bewegungen.<\/p>\n<p>Das Karate Dojo Halle Westf. e.V. und Peter Lampe, die Organisatoren des Lehrgangs, haben uns \u00fcber das Wochenende zus\u00e4tzlich mit frischen Br\u00f6tchen, Getr\u00e4nken und einem Grillabend am Samstag f\u00fcr die jeweiligen Trainingseinheiten fit gehalten.<br \/>\nDaf\u00fcr m\u00f6chten wir uns an dieser Stelle noch einmal extra bedanken.<\/p>\n<p>Es war ein tolles Wochenende und wir freuen uns schon darauf wenn Bertel-sensei mal wieder nach Deutschland kommt.<\/p>\n<p>Danke auch an Vivien und Frank vom SC Eintracht f\u00fcr die Mitfahrgelegenheit.<\/p>\n<p>Oss, Maik.<\/p>\n<p><img decoding=\"async\" class=\"ngg-singlepic ngg-none\" src=\"https:\/\/www.michihenomon.de\/wp\/wp-content\/gallery\/2018-1\/Bertel_20181.JPG\" alt=\"Bertel_2018\"><\/p>\n","protected":false},"excerpt":{"rendered":"<p>Am 29.6.18 fuhren, Martin, Fabian, Vivien, Frank, Anja und ich nach Halle zum Lehrgang von Andr\u00e9 Bertel-sensei der uns an diesem Wochenende mit seinem Karate bereichern sollte. Andr\u00e9 Bertel ist ein Karateka aus Neuseeland der schon viele Erfolge im Sportkarate erzielen konnte und den Budoweg nach Lehren seines Meisters Asai Tetsuhiko nun in die Welt&#8230;<\/p>\n","protected":false},"author":1,"featured_media":0,"comment_status":"open","ping_status":"open","sticky":false,"template":"","format":"standard","meta":{"ngg_post_thumbnail":0,"footnotes":""},"categories":[1],"tags":[64,24,21,43,37,28],"class_list":["post-1124","post","type-post","status-publish","format-standard","hentry","category-allgemein","tag-andre-bertel","tag-kampfsport","tag-karate","tag-karate-oranienburg","tag-michihenomon","tag-shotokan"],"_links":{"self":[{"href":"https:\/\/www.michihenomon.de\/index.php?rest_route=\/wp\/v2\/posts\/1124","targetHints":{"allow":["GET"]}}],"collection":[{"href":"https:\/\/www.michihenomon.de\/index.php?rest_route=\/wp\/v2\/posts"}],"about":[{"href":"https:\/\/www.michihenomon.de\/index.php?rest_route=\/wp\/v2\/types\/post"}],"author":[{"embeddable":true,"href":"https:\/\/www.michihenomon.de\/index.php?rest_route=\/wp\/v2\/users\/1"}],"replies":[{"embeddable":true,"href":"https:\/\/www.michihenomon.de\/index.php?rest_route=%2Fwp%2Fv2%2Fcomments&post=1124"}],"version-history":[{"count":3,"href":"https:\/\/www.michihenomon.de\/index.php?rest_route=\/wp\/v2\/posts\/1124\/revisions"}],"predecessor-version":[{"id":1146,"href":"https:\/\/www.michihenomon.de\/index.php?rest_route=\/wp\/v2\/posts\/1124\/revisions\/1146"}],"wp:attachment":[{"href":"https:\/\/www.michihenomon.de\/index.php?rest_route=%2Fwp%2Fv2%2Fmedia&parent=1124"}],"wp:term":[{"taxonomy":"category","embeddable":true,"href":"https:\/\/www.michihenomon.de\/index.php?rest_route=%2Fwp%2Fv2%2Fcategories&post=1124"},{"taxonomy":"post_tag","embeddable":true,"href":"https:\/\/www.michihenomon.de\/index.php?rest_route=%2Fwp%2Fv2%2Ftags&post=1124"}],"curies":[{"name":"wp","href":"https:\/\/api.w.org\/{rel}","templated":true}]}}