{"id":1165,"date":"2018-11-02T11:27:30","date_gmt":"2018-11-02T11:27:30","guid":{"rendered":"https:\/\/www.michihenomon.de\/?p=1165"},"modified":"2018-11-02T11:34:07","modified_gmt":"2018-11-02T11:34:07","slug":"lehrgang-andre-bertel-2019","status":"publish","type":"post","link":"https:\/\/www.michihenomon.de\/?p=1165","title":{"rendered":"Lehrgang Andr\u00e9 Bertel 2019"},"content":{"rendered":"<p>Auch im kommenden Jahr findet wieder ein Lehrgang mit Andr\u00e9 Bertel statt. Dieser Lehrgang ist f\u00fcr alle Karateka ab dem 6. Kyu zu empfehlen. Daher m\u00f6chten wir unsere Mitglieder dazu anhalten, eine Teilnahme in Betracht zu ziehen.<\/p>\n<p>Alle Informationen findet ihr unter dieser <a href=\"http:\/\/www.shotokan-freital.de\/skv-freital\/Seminar\/Andre%20Bertel%202019.php#anmeldung\">Adresse<\/a>.<br \/>\nAuf Grund der begrenzten Teilnehmerzahlen empfehlen wir eine fr\u00fche Anmeldung.<\/p>\n<p>Osu Fabian<\/p>\n<p><img loading=\"lazy\" decoding=\"async\" class=\"alignleft size-full wp-image-1166\" src=\"https:\/\/www.michihenomon.de\/wp\/wp-content\/uploads\/2018\/11\/Andre-Bertel-2019_ger.jpg\" alt=\"Ausschreibung\" width=\"616\" height=\"953\" srcset=\"https:\/\/www.michihenomon.de\/wp\/wp-content\/uploads\/2018\/11\/Andre-Bertel-2019_ger.jpg 616w, https:\/\/www.michihenomon.de\/wp\/wp-content\/uploads\/2018\/11\/Andre-Bertel-2019_ger-194x300.jpg 194w\" sizes=\"auto, (max-width: 616px) 100vw, 616px\" \/><\/p>\n","protected":false},"excerpt":{"rendered":"<p>Auch im kommenden Jahr findet wieder ein Lehrgang mit Andr\u00e9 Bertel statt. Dieser Lehrgang ist f\u00fcr alle Karateka ab dem 6. Kyu zu empfehlen. Daher m\u00f6chten wir unsere Mitglieder dazu anhalten, eine Teilnahme in Betracht zu ziehen. Alle Informationen findet ihr unter dieser Adresse. Auf Grund der begrenzten Teilnehmerzahlen empfehlen wir eine fr\u00fche Anmeldung. Osu&#8230;<\/p>\n","protected":false},"author":6,"featured_media":1049,"comment_status":"open","ping_status":"open","sticky":false,"template":"","format":"standard","meta":{"ngg_post_thumbnail":0,"footnotes":""},"categories":[1],"tags":[64,21,66,37,53],"class_list":["post-1165","post","type-post","status-publish","format-standard","has-post-thumbnail","hentry","category-allgemein","tag-andre-bertel","tag-karate","tag-karate-oranien","tag-michihenomon","tag-shotokan-karate"],"_links":{"self":[{"href":"https:\/\/www.michihenomon.de\/index.php?rest_route=\/wp\/v2\/posts\/1165","targetHints":{"allow":["GET"]}}],"collection":[{"href":"https:\/\/www.michihenomon.de\/index.php?rest_route=\/wp\/v2\/posts"}],"about":[{"href":"https:\/\/www.michihenomon.de\/index.php?rest_route=\/wp\/v2\/types\/post"}],"author":[{"embeddable":true,"href":"https:\/\/www.michihenomon.de\/index.php?rest_route=\/wp\/v2\/users\/6"}],"replies":[{"embeddable":true,"href":"https:\/\/www.michihenomon.de\/index.php?rest_route=%2Fwp%2Fv2%2Fcomments&post=1165"}],"version-history":[{"count":3,"href":"https:\/\/www.michihenomon.de\/index.php?rest_route=\/wp\/v2\/posts\/1165\/revisions"}],"predecessor-version":[{"id":1170,"href":"https:\/\/www.michihenomon.de\/index.php?rest_route=\/wp\/v2\/posts\/1165\/revisions\/1170"}],"wp:featuredmedia":[{"embeddable":true,"href":"https:\/\/www.michihenomon.de\/index.php?rest_route=\/wp\/v2\/media\/1049"}],"wp:attachment":[{"href":"https:\/\/www.michihenomon.de\/index.php?rest_route=%2Fwp%2Fv2%2Fmedia&parent=1165"}],"wp:term":[{"taxonomy":"category","embeddable":true,"href":"https:\/\/www.michihenomon.de\/index.php?rest_route=%2Fwp%2Fv2%2Fcategories&post=1165"},{"taxonomy":"post_tag","embeddable":true,"href":"https:\/\/www.michihenomon.de\/index.php?rest_route=%2Fwp%2Fv2%2Ftags&post=1165"}],"curies":[{"name":"wp","href":"https:\/\/api.w.org\/{rel}","templated":true}]}}