{"id":1216,"date":"2019-06-12T09:32:13","date_gmt":"2019-06-12T09:32:13","guid":{"rendered":"https:\/\/www.michihenomon.de\/?p=1216"},"modified":"2019-06-12T09:32:13","modified_gmt":"2019-06-12T09:32:13","slug":"karatenerds-on-tour","status":"publish","type":"post","link":"https:\/\/www.michihenomon.de\/?p=1216","title":{"rendered":"Karatenerds on tour"},"content":{"rendered":"<p>Letztes Maiwochenende war es endlich so weit. Der #1-Karatenerd <a href=\"https:\/\/www.karatebyjesse.com\/\">Jesse Enkamp<\/a> kam zu einem Lehrgang nach Strausberg in der N\u00e4he von Berlin. Zwei unserer Karateka, Maik und Julian, haben zusammen mit unseren Freunden Vivien und Max aus Berlin daran teilnehmen k\u00f6nnen.<img loading=\"lazy\" decoding=\"async\" class=\"alignright wp-image-1214 size-medium\" src=\"https:\/\/www.michihenomon.de\/wp\/wp-content\/uploads\/2019\/06\/Jesse-2-170x300.jpeg\" alt=\"\" width=\"170\" height=\"300\" srcset=\"https:\/\/www.michihenomon.de\/wp\/wp-content\/uploads\/2019\/06\/Jesse-2-170x300.jpeg 170w, https:\/\/www.michihenomon.de\/wp\/wp-content\/uploads\/2019\/06\/Jesse-2-579x1024.jpeg 579w, https:\/\/www.michihenomon.de\/wp\/wp-content\/uploads\/2019\/06\/Jesse-2.jpeg 760w\" sizes=\"auto, (max-width: 170px) 100vw, 170px\" \/><\/p>\n<p>Jesse-Sensei besch\u00e4ftigt sich seit seiner Kindheit intensiv mit den Wurzeln des Karate in Okinawa und hat selber lange dort gelebt und trainiert. Unter anderem deshalb versucht er sich von strikten Karatestil-Zw\u00e4ngen zu l\u00f6sen.<\/p>\n<p>Seine Erfahrungen die er bei unterschiedlichsten Meistern und Stilen und auch anderen Kampfk\u00fcnsten gesammelt hat, l\u00e4sst er in seine Lehrg\u00e4nge einflie\u00dfen. So auch bei dem Lehrgang in Strausberg. Trainiert wurde in 2 Trainingseinheiten am Samstag und einer Abschlusseinheit am Sonntag.<\/p>\n<p>In der ersten Einheit wurden Kombinationen trainiert, die sich am Konzept der Selbstverteidigung orientieren. Das Prinzip welches Jesse-Sensei vermitteln wollte war, dass die H\u00e4nde gleichzeitig arbeiten. Abwehr und Angriff sollten simultan stattfinden. Bei den \u00dcbungen wurde der Unterschied zum &#8222;Shotokan-Karate&#8220; aus Japan deutlich.<br \/>\nDie zweite Trainingseinheit besch\u00e4ftigte sich mit dem Thema Bewegung. Leitmotiv der Trainingseinheit bildete das &#8222;Loslassen&#8220; und nutzen der Schwerkraft um schnelle Angriffe starten zu k\u00f6nnen. Das Problem mit zu steifen Bewegungen und Anspannung zum falschen Zeitpunkt haben also nicht nur wir sondern auch alle anderen Stile ;). Somit war das zwar thematisch nichts neues in der zweiten Einheit, aber wir konnten neue Eindr\u00fccke mitnehmen und werden versuchen die Ideen in unser Training einflie\u00dfen zulassen.<br \/>\nIn der Sonntagseinheit besch\u00e4ftigten wir uns mit der Atmung und der Verbindung von Ober- und Unterk\u00f6rper. Die korrekte Atmung und Anspannung an den richtigen Stellen sollte uns unterst\u00fctzen, schneller und pr\u00e4ziser die St\u00e4nde wechseln zu k\u00f6nnen. Als Abschluss\u00fcbung hat uns Jesse-Sensei eine Capoeira-Technik gezeigt, welche wir im \u00dcbergang vom Boden- zum Standkampf nutzen k\u00f6nnen.<br \/>\nFazit: Wir konnten viele neue Eindr\u00fccke sammeln und Ideen f\u00fcr unser Training mitnehmen.<\/p>\n<p>Beispielsweise neue Aufw\u00e4rm\u00fcbungen wie das G\u00fcrtelklauen, Slow-Mo touching game oder die Kata-Ged\u00e4chtnis-\u00dcbung werden wir mit Sicherheit in Zukunft auch bei uns benutzen. Auch f\u00fcr altbekannte Probleme, locker sein, locker sein, locker sein und locker sein, konnten wir neue Denkanst\u00f6\u00dfe mitnehmen.<\/p>\n<p>&nbsp;<\/p>\n<p>Arigatou-gozaimasu Jesse-Sensei f\u00fcr das lehrreiche Wochenende!<\/p>\n<p><img loading=\"lazy\" decoding=\"async\" class=\"aligncenter wp-image-1215\" src=\"https:\/\/www.michihenomon.de\/wp\/wp-content\/uploads\/2019\/06\/Jesse-Enkamp.jpeg\" alt=\"\" width=\"800\" height=\"800\" srcset=\"https:\/\/www.michihenomon.de\/wp\/wp-content\/uploads\/2019\/06\/Jesse-Enkamp.jpeg 720w, https:\/\/www.michihenomon.de\/wp\/wp-content\/uploads\/2019\/06\/Jesse-Enkamp-150x150.jpeg 150w, https:\/\/www.michihenomon.de\/wp\/wp-content\/uploads\/2019\/06\/Jesse-Enkamp-300x300.jpeg 300w\" sizes=\"auto, (max-width: 800px) 100vw, 800px\" \/><\/p>\n","protected":false},"excerpt":{"rendered":"<p>Letztes Maiwochenende war es endlich so weit. Der #1-Karatenerd Jesse Enkamp kam zu einem Lehrgang nach Strausberg in der N\u00e4he von Berlin. Zwei unserer Karateka, Maik und Julian, haben zusammen mit unseren Freunden Vivien und Max aus Berlin daran teilnehmen k\u00f6nnen. Jesse-Sensei besch\u00e4ftigt sich seit seiner Kindheit intensiv mit den Wurzeln des Karate in Okinawa&#8230;<\/p>\n","protected":false},"author":6,"featured_media":1214,"comment_status":"open","ping_status":"open","sticky":false,"template":"","format":"standard","meta":{"ngg_post_thumbnail":0,"footnotes":""},"categories":[12],"tags":[47,67,21,44,37,53],"class_list":["post-1216","post","type-post","status-publish","format-standard","has-post-thumbnail","hentry","category-lehrgange","tag-berlin","tag-jesse-enkamp","tag-karate","tag-karate-berlin","tag-michihenomon","tag-shotokan-karate"],"_links":{"self":[{"href":"https:\/\/www.michihenomon.de\/index.php?rest_route=\/wp\/v2\/posts\/1216","targetHints":{"allow":["GET"]}}],"collection":[{"href":"https:\/\/www.michihenomon.de\/index.php?rest_route=\/wp\/v2\/posts"}],"about":[{"href":"https:\/\/www.michihenomon.de\/index.php?rest_route=\/wp\/v2\/types\/post"}],"author":[{"embeddable":true,"href":"https:\/\/www.michihenomon.de\/index.php?rest_route=\/wp\/v2\/users\/6"}],"replies":[{"embeddable":true,"href":"https:\/\/www.michihenomon.de\/index.php?rest_route=%2Fwp%2Fv2%2Fcomments&post=1216"}],"version-history":[{"count":7,"href":"https:\/\/www.michihenomon.de\/index.php?rest_route=\/wp\/v2\/posts\/1216\/revisions"}],"predecessor-version":[{"id":1223,"href":"https:\/\/www.michihenomon.de\/index.php?rest_route=\/wp\/v2\/posts\/1216\/revisions\/1223"}],"wp:featuredmedia":[{"embeddable":true,"href":"https:\/\/www.michihenomon.de\/index.php?rest_route=\/wp\/v2\/media\/1214"}],"wp:attachment":[{"href":"https:\/\/www.michihenomon.de\/index.php?rest_route=%2Fwp%2Fv2%2Fmedia&parent=1216"}],"wp:term":[{"taxonomy":"category","embeddable":true,"href":"https:\/\/www.michihenomon.de\/index.php?rest_route=%2Fwp%2Fv2%2Fcategories&post=1216"},{"taxonomy":"post_tag","embeddable":true,"href":"https:\/\/www.michihenomon.de\/index.php?rest_route=%2Fwp%2Fv2%2Ftags&post=1216"}],"curies":[{"name":"wp","href":"https:\/\/api.w.org\/{rel}","templated":true}]}}