{"id":1286,"date":"2020-07-03T08:22:40","date_gmt":"2020-07-03T08:22:40","guid":{"rendered":"https:\/\/www.michihenomon.de\/?p=1286"},"modified":"2020-07-03T08:31:11","modified_gmt":"2020-07-03T08:31:11","slug":"sommertraining-und-normalisierung-der-beitraege","status":"publish","type":"post","link":"https:\/\/www.michihenomon.de\/?p=1286","title":{"rendered":"Sommertraining und normalisierung der Beitr\u00e4ge"},"content":{"rendered":"<p>Hurra wir haben es geschafft,<\/p>\n<p>f\u00fcr die Sommerferien 2020 steht uns eine Halle zur Verf\u00fcgung. Wir werden nun in den Ferien Montag und Freitag 18:00-20:00 2 Stunden ein Karatetraining druchf\u00fchren.Es wird gemischten Gruppen (Kinder und Erwachsene) trainiert.<\/p>\n<p>Wir freuen uns auf euer zahlreiches Erscheinen.&nbsp;<\/p>\n<p>Die Halle ist in Lehnitz (ehm. Aussenstelle Torhorst) https:\/\/goo.gl\/maps\/mTGQNgptjvq49LNT7<\/p>\n<p>Zu erreichen \u00fcber die Einfahrt T\u00dcV Gel\u00e4nde. Parken k\u00f6nnt ihr kurz vor der Halle auf der linken Seite.<\/p>\n<p>Weiterhin gelten ab Juli 2020 wieder die normalen Mitgliedsbeitr\u00e4ge.<\/p>\n<p>Sportliche Gr\u00fc\u00dfe<\/p>\n<p>Der Vorstand<\/p>\n","protected":false},"excerpt":{"rendered":"<p>Hurra wir haben es geschafft, f\u00fcr die Sommerferien 2020 steht uns eine Halle zur Verf\u00fcgung. Wir werden nun in den Ferien Montag und Freitag 18:00-20:00 2 Stunden ein Karatetraining druchf\u00fchren.Es wird gemischten Gruppen (Kinder und Erwachsene) trainiert. Wir freuen uns auf euer zahlreiches Erscheinen.&nbsp; Die Halle ist in Lehnitz (ehm. Aussenstelle Torhorst) https:\/\/goo.gl\/maps\/mTGQNgptjvq49LNT7 Zu erreichen&#8230;<\/p>\n","protected":false},"author":1,"featured_media":1289,"comment_status":"open","ping_status":"open","sticky":false,"template":"","format":"standard","meta":{"ngg_post_thumbnail":0,"footnotes":""},"categories":[1],"tags":[68,24,21,43,28,39],"class_list":["post-1286","post","type-post","status-publish","format-standard","has-post-thumbnail","hentry","category-allgemein","tag-corona","tag-kampfsport","tag-karate","tag-karate-oranienburg","tag-shotokan","tag-verein"],"_links":{"self":[{"href":"https:\/\/www.michihenomon.de\/index.php?rest_route=\/wp\/v2\/posts\/1286","targetHints":{"allow":["GET"]}}],"collection":[{"href":"https:\/\/www.michihenomon.de\/index.php?rest_route=\/wp\/v2\/posts"}],"about":[{"href":"https:\/\/www.michihenomon.de\/index.php?rest_route=\/wp\/v2\/types\/post"}],"author":[{"embeddable":true,"href":"https:\/\/www.michihenomon.de\/index.php?rest_route=\/wp\/v2\/users\/1"}],"replies":[{"embeddable":true,"href":"https:\/\/www.michihenomon.de\/index.php?rest_route=%2Fwp%2Fv2%2Fcomments&post=1286"}],"version-history":[{"count":2,"href":"https:\/\/www.michihenomon.de\/index.php?rest_route=\/wp\/v2\/posts\/1286\/revisions"}],"predecessor-version":[{"id":1288,"href":"https:\/\/www.michihenomon.de\/index.php?rest_route=\/wp\/v2\/posts\/1286\/revisions\/1288"}],"wp:featuredmedia":[{"embeddable":true,"href":"https:\/\/www.michihenomon.de\/index.php?rest_route=\/wp\/v2\/media\/1289"}],"wp:attachment":[{"href":"https:\/\/www.michihenomon.de\/index.php?rest_route=%2Fwp%2Fv2%2Fmedia&parent=1286"}],"wp:term":[{"taxonomy":"category","embeddable":true,"href":"https:\/\/www.michihenomon.de\/index.php?rest_route=%2Fwp%2Fv2%2Fcategories&post=1286"},{"taxonomy":"post_tag","embeddable":true,"href":"https:\/\/www.michihenomon.de\/index.php?rest_route=%2Fwp%2Fv2%2Ftags&post=1286"}],"curies":[{"name":"wp","href":"https:\/\/api.w.org\/{rel}","templated":true}]}}