{"id":43,"date":"2008-09-10T09:29:48","date_gmt":"2008-09-10T09:29:48","guid":{"rendered":"http:\/\/www.michihenomon.de\/wp\/?p=43"},"modified":"2011-08-10T09:33:42","modified_gmt":"2011-08-10T09:33:42","slug":"dahmen-2008","status":"publish","type":"post","link":"https:\/\/www.michihenomon.de\/?p=43","title":{"rendered":"Dahmen 2008"},"content":{"rendered":"<p>jedes Jahr findet f\u00fcr die j\u00fcngeren Karateka ein Trainingslager statt. Dieses wird von Sensei B\u00fcki organisiert. In diesem Jahr ging es vom 21. \u2013 26. Juli nach Dahmen.<br \/>\nGleich zu Anfang wurden die Kinder in Gruppen eingeteilt und bekamen einen Betreuer. Bis auf kleine Meinungsverschiedenheiten haben sich die Kinder in den Gruppen gut verstanden. T\u00e4glich gab es zwei Trainingseinheiten, gutes Essen, eine Menge Spa\u00df und viel Freizeit, wie zum Beispiel eine Reitstunde und Kegeln. Bei dem gelungenen Neptunfest haben einige Kinder einen lustigen Meeresnamen bekommen. Abends wurde immer eine Zimmerkontrolle gemacht, die von zwei Betreuern durchgef\u00fchrt wurde. Je nach dem, wie gut das Zimmer aussah, gab es Punkte, die aus Bonbons bestanden. Wenn man noch ein kleines Gedicht oder ein Lied vorgetragen hat, so konnte man Zusatzpunkte erlangen. Die Bonbons mussten bis zum letzten Abend aufgehoben werden. An dem letzten Tag gab es Auszeichnungen f\u00fcr die drei besten Zimmer und f\u00fcr die Kinder, die sich in der Woche beim Training am meisten angestrengt und gesteigert oder trotz Verletzung mit trainiert haben.<br \/>\nSo gab es z. B. eine Medaille, die Sensei Kohl bei der Weltmeisterschaft gewonnen hatte, als Auszeichnung. Am letzten tag gab es auch noch Pr\u00fcfungen, die von allen, die daran teilgenommen hatten, gut bestanden wurden.<br \/>\nF\u00fcr alle Kinder war das Trainingslager 2008 ein gro\u00dfer Erfolg, jeder hatte Spa\u00df und hat etwas Neues dazu gelernt.<\/p>\n<p>Juliane Bauch<\/p>\n","protected":false},"excerpt":{"rendered":"<p>jedes Jahr findet f\u00fcr die j\u00fcngeren Karateka ein Trainingslager statt. Dieses wird von Sensei B\u00fcki organisiert. In diesem Jahr ging es vom 21. \u2013 26. Juli nach Dahmen. Gleich zu Anfang wurden die Kinder in Gruppen eingeteilt und bekamen einen Betreuer. Bis auf kleine Meinungsverschiedenheiten haben sich die Kinder in den Gruppen gut verstanden. T\u00e4glich&#8230;<\/p>\n","protected":false},"author":1,"featured_media":0,"comment_status":"closed","ping_status":"open","sticky":false,"template":"","format":"standard","meta":{"ngg_post_thumbnail":0,"footnotes":""},"categories":[5,3],"tags":[7,6],"class_list":["post-43","post","type-post","status-publish","format-standard","hentry","category-berichte","category-news","tag-bericht","tag-trainingslager"],"_links":{"self":[{"href":"https:\/\/www.michihenomon.de\/index.php?rest_route=\/wp\/v2\/posts\/43","targetHints":{"allow":["GET"]}}],"collection":[{"href":"https:\/\/www.michihenomon.de\/index.php?rest_route=\/wp\/v2\/posts"}],"about":[{"href":"https:\/\/www.michihenomon.de\/index.php?rest_route=\/wp\/v2\/types\/post"}],"author":[{"embeddable":true,"href":"https:\/\/www.michihenomon.de\/index.php?rest_route=\/wp\/v2\/users\/1"}],"replies":[{"embeddable":true,"href":"https:\/\/www.michihenomon.de\/index.php?rest_route=%2Fwp%2Fv2%2Fcomments&post=43"}],"version-history":[{"count":5,"href":"https:\/\/www.michihenomon.de\/index.php?rest_route=\/wp\/v2\/posts\/43\/revisions"}],"predecessor-version":[{"id":51,"href":"https:\/\/www.michihenomon.de\/index.php?rest_route=\/wp\/v2\/posts\/43\/revisions\/51"}],"wp:attachment":[{"href":"https:\/\/www.michihenomon.de\/index.php?rest_route=%2Fwp%2Fv2%2Fmedia&parent=43"}],"wp:term":[{"taxonomy":"category","embeddable":true,"href":"https:\/\/www.michihenomon.de\/index.php?rest_route=%2Fwp%2Fv2%2Fcategories&post=43"},{"taxonomy":"post_tag","embeddable":true,"href":"https:\/\/www.michihenomon.de\/index.php?rest_route=%2Fwp%2Fv2%2Ftags&post=43"}],"curies":[{"name":"wp","href":"https:\/\/api.w.org\/{rel}","templated":true}]}}