{"id":465,"date":"2015-04-06T17:17:31","date_gmt":"2015-04-06T17:17:31","guid":{"rendered":"http:\/\/www.michihenomon.de\/?p=465"},"modified":"2015-04-09T10:52:12","modified_gmt":"2015-04-09T10:52:12","slug":"bericht-takudai-lehrgang-dresden","status":"publish","type":"post","link":"https:\/\/www.michihenomon.de\/?p=465","title":{"rendered":"Bericht Takudai Lehrgang Dresden"},"content":{"rendered":"<p><strong>27.03.2015-29.03.2015<\/strong><\/p>\n<p>Am letzten Wochenende, nahmen 5 Karateka unseres Vereins am Takudai Lehrgang in Dresden teil. Etwa 500 Teilnehmer, aufgeteilt auf 2 Hallen, wurden von 5 Legenden aus Tokio trainiert.<\/p>\n<p><em>Zu Ihnen z\u00e4hlen:<\/em> Hanshi Shiro Asano (9. Dan), Hideo Ochi (8. Dan), Akio Nagai (8. Dan), Tatsuya Naka (7.Dan) und Manabu Murakami (7.Dan).<\/p>\n<p><em>Tag 1:<\/em> Nachdem wir uns im Eingangsbereich angemeldet und die T-shirts des Lehrgangs gekauft hatten, ging es umgezogen in die Halle. In 4 Reihen aufgestellt begr\u00fc\u00dften wir Sensei Naka und Sensei Ochi. Nach kurzer, aber intensiver Aufw\u00e4rmung begann das Training mit Sensei Ochi. Knapp 20 min sp\u00e4ter war die Puste weg doch der Ehrgeiz stieg. Eine Stunde vor Ende der Trainingszeit wechselten dann die Trainer. Im Gegensatz zu Sensei Ochi ging es bei Sensei Naka etwas ruhiger zu. Er erkl\u00e4rte viele seiner Theorien und machte einige \u00dcbungen mit uns.<\/p>\n<p><em>Tag 2<\/em>: Nach einer kurzen Nacht, ordentlichem Muskelkater und Blasen an den F\u00fc\u00dfen, ging es zum angek\u00fcndigten 3h Training mit Sensei Ochi und Sensei Murakami. Bereits eine Stunde fr\u00fcher als geplant war das anstrengende Training jedoch schon wieder vorbei. Nach 3h Pause ging es weiter. Diesmal mit Sensei Naka und Sensei Nagai, wobei Sensei Naka das Training leitete.<\/p>\n<p>Am ersten und zweiten Tag haben wir haupts\u00e4chlich Grundlagen und nur wenig Kata trainiert. Au\u00dferdem haben wir viel dazu gelernt, damit unsere Techniken st\u00e4rker werden.<\/p>\n<p><em>Sonntag<\/em> war dann auch leider schon der letzte Tag. Trainiert haben wir mit Sensei Murakami. Begleitet wurde er von Sensei Asano und Sensei Nagai. Nach weiterem Grundlagen Training, trainierten wir auch Kumite. In der letzten Stunde haben wir dann noch viel Kata trainiert. Ganz zum Schluss durfte dann die Unterstufe (Wei\u00df bis Violett) Freikampf mit den Schwarzgurten trainieren. Nach 2 Runden wurde dann die Unterstufe gegen die Braungurte ausgewechselt um ebenfalls Frei zu k\u00e4mpfen. Und das war es dann auch leider schon.<\/p>\n<p>Wie auch an den anderen Trainingstagen durften wir nach dem Training mit den Senseis Fotos machen und uns Autogramme holen.<\/p>\n<p>Zusammengefasst war das f\u00fcr alle Teilnehmer ein sehr erfolgreiches Wochenende, welches uns f\u00fcr Immer in Erinnerung bleiben wird.<\/p>\n<p>&nbsp;<\/p>\n<p>Oss Jule, nachstehend noch einige Fotos.<\/p>\n<figure id=\"attachment_466\" aria-describedby=\"caption-attachment-466\" style=\"width: 300px\" class=\"wp-caption alignnone\"><a href=\"http:\/\/www.michihenomon.de\/wp\/wp-content\/uploads\/2015\/04\/IMG-20150327-WA0017.jpg\"><img loading=\"lazy\" decoding=\"async\" class=\"size-medium wp-image-466\" src=\"http:\/\/www.michihenomon.de\/wp\/wp-content\/uploads\/2015\/04\/IMG-20150327-WA0017-300x225.jpg\" alt=\"Sensei Naka\" width=\"300\" height=\"225\" \/><\/a><figcaption id=\"caption-attachment-466\" class=\"wp-caption-text\">Sensei Naka<\/figcaption><\/figure>\n<figure id=\"attachment_467\" aria-describedby=\"caption-attachment-467\" style=\"width: 300px\" class=\"wp-caption alignnone\"><a href=\"http:\/\/www.michihenomon.de\/wp\/wp-content\/uploads\/2015\/04\/IMG-20150328-WA0002.jpg\"><img loading=\"lazy\" decoding=\"async\" class=\"size-medium wp-image-467\" src=\"http:\/\/www.michihenomon.de\/wp\/wp-content\/uploads\/2015\/04\/IMG-20150328-WA0002-300x225.jpg\" alt=\"Sensei Ochi\" width=\"300\" height=\"225\" \/><\/a><figcaption id=\"caption-attachment-467\" class=\"wp-caption-text\">Sensei Ochi<\/figcaption><\/figure>\n<figure id=\"attachment_468\" aria-describedby=\"caption-attachment-468\" style=\"width: 300px\" class=\"wp-caption alignnone\"><a href=\"http:\/\/www.michihenomon.de\/wp\/wp-content\/uploads\/2015\/04\/IMG-20150328-WA0003.jpg\"><img loading=\"lazy\" decoding=\"async\" class=\"size-medium wp-image-468\" src=\"http:\/\/www.michihenomon.de\/wp\/wp-content\/uploads\/2015\/04\/IMG-20150328-WA0003-300x225.jpg\" alt=\"Sensei Murakami\" width=\"300\" height=\"225\" \/><\/a><figcaption id=\"caption-attachment-468\" class=\"wp-caption-text\">Sensei Murakami<\/figcaption><\/figure>\n<figure id=\"attachment_469\" aria-describedby=\"caption-attachment-469\" style=\"width: 300px\" class=\"wp-caption alignnone\"><a href=\"http:\/\/www.michihenomon.de\/wp\/wp-content\/uploads\/2015\/04\/IMG-20150329-WA0006.jpg\"><img loading=\"lazy\" decoding=\"async\" class=\"size-medium wp-image-469\" src=\"http:\/\/www.michihenomon.de\/wp\/wp-content\/uploads\/2015\/04\/IMG-20150329-WA0006-300x278.jpg\" alt=\"von links: Sensei Nagai, Sensei Murakami, Sensei Asano\" width=\"300\" height=\"278\" \/><\/a><figcaption id=\"caption-attachment-469\" class=\"wp-caption-text\">von links: Sensei Nagai, Sensei Murakami, Sensei Asano<\/figcaption><\/figure>\n<p>&nbsp;<\/p>\n","protected":false},"excerpt":{"rendered":"<p>27.03.2015-29.03.2015 Am letzten Wochenende, nahmen 5 Karateka unseres Vereins am Takudai Lehrgang in Dresden teil. Etwa 500 Teilnehmer, aufgeteilt auf 2 Hallen, wurden von 5 Legenden aus Tokio trainiert. Zu Ihnen z\u00e4hlen: Hanshi Shiro Asano (9. Dan), Hideo Ochi (8. Dan), Akio Nagai (8. Dan), Tatsuya Naka (7.Dan) und Manabu Murakami (7.Dan). Tag 1: Nachdem&#8230;<\/p>\n","protected":false},"author":1,"featured_media":0,"comment_status":"open","ping_status":"open","sticky":false,"template":"","format":"standard","meta":{"ngg_post_thumbnail":0,"footnotes":""},"categories":[1,5,12],"tags":[24,21,37,35,29,34],"class_list":["post-465","post","type-post","status-publish","format-standard","hentry","category-allgemein","category-berichte","category-lehrgange","tag-kampfsport","tag-karate","tag-michihenomon","tag-naka-tatsuya","tag-oranienburg","tag-takudai"],"_links":{"self":[{"href":"https:\/\/www.michihenomon.de\/index.php?rest_route=\/wp\/v2\/posts\/465","targetHints":{"allow":["GET"]}}],"collection":[{"href":"https:\/\/www.michihenomon.de\/index.php?rest_route=\/wp\/v2\/posts"}],"about":[{"href":"https:\/\/www.michihenomon.de\/index.php?rest_route=\/wp\/v2\/types\/post"}],"author":[{"embeddable":true,"href":"https:\/\/www.michihenomon.de\/index.php?rest_route=\/wp\/v2\/users\/1"}],"replies":[{"embeddable":true,"href":"https:\/\/www.michihenomon.de\/index.php?rest_route=%2Fwp%2Fv2%2Fcomments&post=465"}],"version-history":[{"count":4,"href":"https:\/\/www.michihenomon.de\/index.php?rest_route=\/wp\/v2\/posts\/465\/revisions"}],"predecessor-version":[{"id":473,"href":"https:\/\/www.michihenomon.de\/index.php?rest_route=\/wp\/v2\/posts\/465\/revisions\/473"}],"wp:attachment":[{"href":"https:\/\/www.michihenomon.de\/index.php?rest_route=%2Fwp%2Fv2%2Fmedia&parent=465"}],"wp:term":[{"taxonomy":"category","embeddable":true,"href":"https:\/\/www.michihenomon.de\/index.php?rest_route=%2Fwp%2Fv2%2Fcategories&post=465"},{"taxonomy":"post_tag","embeddable":true,"href":"https:\/\/www.michihenomon.de\/index.php?rest_route=%2Fwp%2Fv2%2Ftags&post=465"}],"curies":[{"name":"wp","href":"https:\/\/api.w.org\/{rel}","templated":true}]}}