{"id":7003,"date":"2021-08-06T10:40:12","date_gmt":"2021-08-06T10:40:12","guid":{"rendered":"https:\/\/www.michihenomon.de\/?p=7003"},"modified":"2021-08-06T12:39:30","modified_gmt":"2021-08-06T12:39:30","slug":"trainingsbegin-09-08-21","status":"publish","type":"post","link":"https:\/\/www.michihenomon.de\/?p=7003","title":{"rendered":"Trainingsbegin 09.08.21"},"content":{"rendered":"\n<p>Liebe Sportsfreunde. Es freut mich euch mitzuteilen, dass wir ab dem 09.08.2021 mit unserem Training in Oranienburg durchstarten werden. Mit Begin dieses Schuljahres haben wir den Trainerstab erweitert und k\u00f6nnen somit die Trainingseinheiten sicherstellen. <\/p>\n\n\n\n<p><br>Leider ist es uns nicht gelungen f\u00fcr die Karatezeiten in Birkenwerder einen Trainer zu gewinnen. Wer sich berufen f\u00fchlt unsere Kleinen zu unterrichten, der kann sich gerne bei S\u00f6ren melden.<br><br>F\u00fcr unsere Kleinen in Oranienburg m\u00f6chte ich ganz herzlich Eric begr\u00fc\u00dfen und danke ihm f\u00fcr die Bereitschaft die Trainingseinheiten abzudecken.<br>Unseren Trainerstab findet ihr auf unserer Webseite <a href=\"https:\/\/www.michihenomon.de\/?page_id=592\" data-type=\"URL\" data-id=\"https:\/\/www.michihenomon.de\/?page_id=592\">michihenomon.de <\/a> .<\/p>\n\n\n\n<p>Ein weiterer H\u00f6hepunkt ist f\u00fcr uns der Besuch von Sensei Gyula B\u00fcki in Oranienburg. Er wird uns an den folgenden <strong>Terminen besuchen 25.8.,  15.9., 6.10., 24.11., 8.12.<\/strong><\/p>\n\n\n\n<p>F\u00fcr die Sektion Kendo hat sich Frank bereit erkl\u00e4rt das Training am Freitag zu \u00fcbernehmen auch hier mein herzlichen Dank. <\/p>\n\n\n\n<p>Somit werden wir ab dem August 2021 wieder den regul\u00e4ren Beitrag einziehen. F\u00fcr diejenigen mit Dauerauftrag bitte denkt an die \u00c4nderung dieser. <\/p>\n\n\n\n<p>Es gelten weiterhin f\u00fcr uns die <strong>Coronaregeln<\/strong> f\u00fcr Kontaktsport des Landes Brandenburg.<br>Das bedeutet Training ist m\u00f6glich f\u00fcr alle die geimpft, getestet oder genesen sind. Ich gehe davon aus, dass viele mindestens inzwischen eins dieser Kritieren erf\u00fcllen. <br>Die Umkleiden sind mit Maske zu benutzen.<br>Wir m\u00fcssen eine Kontaktnachverfolgung sicherstellen und daher uns notieren, wer am Training teilgenommen hat. Die Daten werden nach sechs Wochen entsprechend vernichtet.<\/p>\n\n\n\n<p>F\u00fcr alle die sich \u00fcberlegen neu zu uns zu kommen ein Probetraining in Oranienburg ist jederzeit m\u00f6glich wir freuen uns auf euch. <\/p>\n\n\n\n<p>Sportliche Gr\u00fc\u00dfe<br>S\u00f6ren 2. Vorstand Michihenomon e.V.<\/p>\n","protected":false},"excerpt":{"rendered":"<p>Liebe Sportsfreunde. Es freut mich euch mitzuteilen, dass wir ab dem 09.08.2021 mit unserem Training in Oranienburg durchstarten werden. Mit Begin dieses Schuljahres haben wir den Trainerstab erweitert und k\u00f6nnen somit die Trainingseinheiten sicherstellen. Leider ist es uns nicht gelungen f\u00fcr die Karatezeiten in Birkenwerder einen Trainer zu gewinnen. Wer sich berufen f\u00fchlt unsere Kleinen&#8230;<\/p>\n","protected":false},"author":1,"featured_media":1289,"comment_status":"closed","ping_status":"closed","sticky":false,"template":"","format":"standard","meta":{"ngg_post_thumbnail":0,"footnotes":""},"categories":[1,3,15],"tags":[24,21,44,43,37,29,28,53],"class_list":["post-7003","post","type-post","status-publish","format-standard","has-post-thumbnail","hentry","category-allgemein","category-news","category-termine","tag-kampfsport","tag-karate","tag-karate-berlin","tag-karate-oranienburg","tag-michihenomon","tag-oranienburg","tag-shotokan","tag-shotokan-karate"],"_links":{"self":[{"href":"https:\/\/www.michihenomon.de\/index.php?rest_route=\/wp\/v2\/posts\/7003","targetHints":{"allow":["GET"]}}],"collection":[{"href":"https:\/\/www.michihenomon.de\/index.php?rest_route=\/wp\/v2\/posts"}],"about":[{"href":"https:\/\/www.michihenomon.de\/index.php?rest_route=\/wp\/v2\/types\/post"}],"author":[{"embeddable":true,"href":"https:\/\/www.michihenomon.de\/index.php?rest_route=\/wp\/v2\/users\/1"}],"replies":[{"embeddable":true,"href":"https:\/\/www.michihenomon.de\/index.php?rest_route=%2Fwp%2Fv2%2Fcomments&post=7003"}],"version-history":[{"count":7,"href":"https:\/\/www.michihenomon.de\/index.php?rest_route=\/wp\/v2\/posts\/7003\/revisions"}],"predecessor-version":[{"id":7015,"href":"https:\/\/www.michihenomon.de\/index.php?rest_route=\/wp\/v2\/posts\/7003\/revisions\/7015"}],"wp:featuredmedia":[{"embeddable":true,"href":"https:\/\/www.michihenomon.de\/index.php?rest_route=\/wp\/v2\/media\/1289"}],"wp:attachment":[{"href":"https:\/\/www.michihenomon.de\/index.php?rest_route=%2Fwp%2Fv2%2Fmedia&parent=7003"}],"wp:term":[{"taxonomy":"category","embeddable":true,"href":"https:\/\/www.michihenomon.de\/index.php?rest_route=%2Fwp%2Fv2%2Fcategories&post=7003"},{"taxonomy":"post_tag","embeddable":true,"href":"https:\/\/www.michihenomon.de\/index.php?rest_route=%2Fwp%2Fv2%2Ftags&post=7003"}],"curies":[{"name":"wp","href":"https:\/\/api.w.org\/{rel}","templated":true}]}}