{"id":7081,"date":"2021-09-14T14:07:51","date_gmt":"2021-09-14T14:07:51","guid":{"rendered":"https:\/\/www.michihenomon.de\/?p=7081"},"modified":"2021-09-14T14:20:45","modified_gmt":"2021-09-14T14:20:45","slug":"trainingsplaene-fuer-09-10-2021","status":"publish","type":"post","link":"https:\/\/www.michihenomon.de\/?p=7081","title":{"rendered":"Trainingspl\u00e4ne f\u00fcr 09 \/ 10.2021"},"content":{"rendered":"\n<p>F\u00fcr alle Interessierten, habe ich euch unsere Karate Trainingspl\u00e4ne September und Oktober bereitgestellt. Osu S\u00f6ren<\/p>\n\n\n\n<figure class=\"wp-block-image size-large is-resized is-style-default\"><img loading=\"lazy\" decoding=\"async\" src=\"https:\/\/www.michihenomon.de\/wp\/wp-content\/uploads\/2021\/09\/Trainingsplan-September-1024x526.jpg\" alt=\"\" class=\"wp-image-7082\" width=\"1024\" height=\"526\" srcset=\"https:\/\/www.michihenomon.de\/wp\/wp-content\/uploads\/2021\/09\/Trainingsplan-September-1024x526.jpg 1024w, https:\/\/www.michihenomon.de\/wp\/wp-content\/uploads\/2021\/09\/Trainingsplan-September-300x154.jpg 300w, https:\/\/www.michihenomon.de\/wp\/wp-content\/uploads\/2021\/09\/Trainingsplan-September-768x394.jpg 768w, https:\/\/www.michihenomon.de\/wp\/wp-content\/uploads\/2021\/09\/Trainingsplan-September-1536x789.jpg 1536w, https:\/\/www.michihenomon.de\/wp\/wp-content\/uploads\/2021\/09\/Trainingsplan-September.jpg 1544w\" sizes=\"auto, (max-width: 1024px) 100vw, 1024px\" \/><\/figure>\n\n\n\n<figure class=\"wp-block-image size-large is-resized is-style-default\"><img loading=\"lazy\" decoding=\"async\" src=\"https:\/\/www.michihenomon.de\/wp\/wp-content\/uploads\/2021\/09\/Trainingsplan-Oktober-1024x542.jpg\" alt=\"\" class=\"wp-image-7083\" width=\"1024\" height=\"542\" srcset=\"https:\/\/www.michihenomon.de\/wp\/wp-content\/uploads\/2021\/09\/Trainingsplan-Oktober-1024x542.jpg 1024w, https:\/\/www.michihenomon.de\/wp\/wp-content\/uploads\/2021\/09\/Trainingsplan-Oktober-300x159.jpg 300w, https:\/\/www.michihenomon.de\/wp\/wp-content\/uploads\/2021\/09\/Trainingsplan-Oktober-768x407.jpg 768w, https:\/\/www.michihenomon.de\/wp\/wp-content\/uploads\/2021\/09\/Trainingsplan-Oktober.jpg 1488w\" sizes=\"auto, (max-width: 1024px) 100vw, 1024px\" \/><\/figure>\n","protected":false},"excerpt":{"rendered":"<p>F\u00fcr alle Interessierten, habe ich euch unsere Karate Trainingspl\u00e4ne September und Oktober bereitgestellt. Osu S\u00f6ren<\/p>\n","protected":false},"author":1,"featured_media":7083,"comment_status":"closed","ping_status":"closed","sticky":false,"template":"","format":"standard","meta":{"ngg_post_thumbnail":0,"footnotes":""},"categories":[1,3],"tags":[24,21,43,37,29,28],"class_list":["post-7081","post","type-post","status-publish","format-standard","has-post-thumbnail","hentry","category-allgemein","category-news","tag-kampfsport","tag-karate","tag-karate-oranienburg","tag-michihenomon","tag-oranienburg","tag-shotokan"],"_links":{"self":[{"href":"https:\/\/www.michihenomon.de\/index.php?rest_route=\/wp\/v2\/posts\/7081","targetHints":{"allow":["GET"]}}],"collection":[{"href":"https:\/\/www.michihenomon.de\/index.php?rest_route=\/wp\/v2\/posts"}],"about":[{"href":"https:\/\/www.michihenomon.de\/index.php?rest_route=\/wp\/v2\/types\/post"}],"author":[{"embeddable":true,"href":"https:\/\/www.michihenomon.de\/index.php?rest_route=\/wp\/v2\/users\/1"}],"replies":[{"embeddable":true,"href":"https:\/\/www.michihenomon.de\/index.php?rest_route=%2Fwp%2Fv2%2Fcomments&post=7081"}],"version-history":[{"count":2,"href":"https:\/\/www.michihenomon.de\/index.php?rest_route=\/wp\/v2\/posts\/7081\/revisions"}],"predecessor-version":[{"id":7094,"href":"https:\/\/www.michihenomon.de\/index.php?rest_route=\/wp\/v2\/posts\/7081\/revisions\/7094"}],"wp:featuredmedia":[{"embeddable":true,"href":"https:\/\/www.michihenomon.de\/index.php?rest_route=\/wp\/v2\/media\/7083"}],"wp:attachment":[{"href":"https:\/\/www.michihenomon.de\/index.php?rest_route=%2Fwp%2Fv2%2Fmedia&parent=7081"}],"wp:term":[{"taxonomy":"category","embeddable":true,"href":"https:\/\/www.michihenomon.de\/index.php?rest_route=%2Fwp%2Fv2%2Fcategories&post=7081"},{"taxonomy":"post_tag","embeddable":true,"href":"https:\/\/www.michihenomon.de\/index.php?rest_route=%2Fwp%2Fv2%2Ftags&post=7081"}],"curies":[{"name":"wp","href":"https:\/\/api.w.org\/{rel}","templated":true}]}}