{"id":7175,"date":"2022-04-11T08:35:20","date_gmt":"2022-04-11T08:35:20","guid":{"rendered":"https:\/\/www.michihenomon.de\/?p=7175"},"modified":"2022-08-18T16:40:03","modified_gmt":"2022-08-18T16:40:03","slug":"information-q2-2021","status":"publish","type":"post","link":"https:\/\/www.michihenomon.de\/?p=7175","title":{"rendered":"Information Q2\/2022"},"content":{"rendered":"\n<p>Liebe Sportsfreunde,<\/p>\n\n\n\n<p>wir nutzen die Osterferien um euch \u00fcber ein paar Ver\u00e4nderungen und Beschl\u00fcsse aus der diesj\u00e4hrigen Vereinsversammlung zu informieren. <\/p>\n\n\n\n<p>Ver\u00e4nderungen im Vereinsangebot:<br>Wir haben beschlossen uns als Verein den Ver\u00e4nderungen zu stellen und unser Angebot auf die Sch\u00fcler \/ Trainersituation anzupassen.<br>Die Sektionen Kendo und TaiChi werden wir aktuell nicht mehr aktiv anbieten. Es fehlen uns dazu Trainer und Sch\u00fcler.<br>Wir werden die Halle in Birkenwerder abgeben. <br>Somit bieten wir nun ausschlie\u00dflich Karate in Oranienburg an. Eine Ver\u00e4nderung f\u00fcr Freitag. Karate II startet nun planm\u00e4\u00dfg immer 19:00, \u00c4nderungen werden in unserer Whatsappgruppe abgestimt.<\/p>\n\n\n\n<p>Ver\u00e4nderungen im Vorstand:<br>Wir haben unseren Vorstand neu gew\u00e4hlt.  Die Besetzung ist wie folgt.<br><\/p>\n\n\n\n<ul class=\"wp-block-list\"><li>1. Vorsitz: S\u00f6ren Langhans<\/li><li>2. Vorsitz: Olaf Teubner<\/li><li>Schatzmeister: Cathy Peterson<\/li><li>Kassenpr\u00fcfer: Mark Lakatos, Daniel Breede<\/li><li>Jugendwart: Eric Thomas<\/li><\/ul>\n\n\n\n<p>Herzlichen Gl\u00fcckwunsch und auf eine erfolgreiche Zusammenarbeit an den neu gew\u00e4hlten Vorstand. <\/p>\n\n\n\n<p>Ehrenmitgliedschaft f\u00fcr Heike.<br>Vielen Dank an dieser Stelle an Heike f\u00fcr Ihren langj\u00e4hrigen und sehr intensiven Einsatz f\u00fcr diesen Verein. <br>Heike hat diesen Verein aufgebaut und durch t\u00e4gliche Arbeit mit all seinen Sektionen am Leben erhalten.<br>\u00dcber zwanzig Jahre Herzblut, Schwei\u00df und harte Arbeit haben vielen Sportsfreunden die M\u00f6glichkeit gegeben, Karate, Kendo und Taichi in Oranienburg auszu\u00fcben.<br>Dies m\u00f6chten wir gerne w\u00fcrdigen und haben daher Heike die Ehrenmitgliedschaft auf Lebenszeit verliehen. <\/p>\n\n\n\n<p>Sportliche Gr\u00fc\u00dfe<br>S\u00f6ren<\/p>\n\n\n\n<p> <\/p>\n\n\n\n<div class=\"wp-block-file\"><a id=\"wp-block-file--media-ccc9a86c-efe7-408e-ad8b-bf547f851acb\" href=\"https:\/\/www.michihenomon.de\/wp\/wp-content\/uploads\/2022\/08\/2022_Versammlung_michihenomon_neu2-2.pdf\">2022_Versammlung_michihenomon_neu2-2<\/a><a href=\"https:\/\/www.michihenomon.de\/wp\/wp-content\/uploads\/2022\/08\/2022_Versammlung_michihenomon_neu2-2.pdf\" class=\"wp-block-file__button\" download aria-describedby=\"wp-block-file--media-ccc9a86c-efe7-408e-ad8b-bf547f851acb\">Herunterladen<\/a><\/div>\n\n\n\n<div class=\"wp-block-file\"><a id=\"wp-block-file--media-fbc65fb4-44a0-457f-8aab-2a12316aa7cc\" href=\"https:\/\/www.michihenomon.de\/wp\/wp-content\/uploads\/2022\/08\/Anschreiben-Amtsgericht-2_Sign.pdf\">Anschreiben-Amtsgericht-2_Sign<\/a><a href=\"https:\/\/www.michihenomon.de\/wp\/wp-content\/uploads\/2022\/08\/Anschreiben-Amtsgericht-2_Sign.pdf\" class=\"wp-block-file__button\" download aria-describedby=\"wp-block-file--media-fbc65fb4-44a0-457f-8aab-2a12316aa7cc\">Herunterladen<\/a><\/div>\n","protected":false},"excerpt":{"rendered":"<p>Liebe Sportsfreunde, wir nutzen die Osterferien um euch \u00fcber ein paar Ver\u00e4nderungen und Beschl\u00fcsse aus der diesj\u00e4hrigen Vereinsversammlung zu informieren. Ver\u00e4nderungen im Vereinsangebot:Wir haben beschlossen uns als Verein den Ver\u00e4nderungen zu stellen und unser Angebot auf die Sch\u00fcler \/ Trainersituation anzupassen.Die Sektionen Kendo und TaiChi werden wir aktuell nicht mehr aktiv anbieten. Es fehlen uns&#8230;<\/p>\n","protected":false},"author":1,"featured_media":0,"comment_status":"closed","ping_status":"closed","sticky":false,"template":"","format":"standard","meta":{"ngg_post_thumbnail":0,"footnotes":""},"categories":[1,3],"tags":[27,21,44,43,29,53],"class_list":["post-7175","post","type-post","status-publish","format-standard","hentry","category-allgemein","category-news","tag-kampfkunst","tag-karate","tag-karate-berlin","tag-karate-oranienburg","tag-oranienburg","tag-shotokan-karate"],"_links":{"self":[{"href":"https:\/\/www.michihenomon.de\/index.php?rest_route=\/wp\/v2\/posts\/7175","targetHints":{"allow":["GET"]}}],"collection":[{"href":"https:\/\/www.michihenomon.de\/index.php?rest_route=\/wp\/v2\/posts"}],"about":[{"href":"https:\/\/www.michihenomon.de\/index.php?rest_route=\/wp\/v2\/types\/post"}],"author":[{"embeddable":true,"href":"https:\/\/www.michihenomon.de\/index.php?rest_route=\/wp\/v2\/users\/1"}],"replies":[{"embeddable":true,"href":"https:\/\/www.michihenomon.de\/index.php?rest_route=%2Fwp%2Fv2%2Fcomments&post=7175"}],"version-history":[{"count":4,"href":"https:\/\/www.michihenomon.de\/index.php?rest_route=\/wp\/v2\/posts\/7175\/revisions"}],"predecessor-version":[{"id":7219,"href":"https:\/\/www.michihenomon.de\/index.php?rest_route=\/wp\/v2\/posts\/7175\/revisions\/7219"}],"wp:attachment":[{"href":"https:\/\/www.michihenomon.de\/index.php?rest_route=%2Fwp%2Fv2%2Fmedia&parent=7175"}],"wp:term":[{"taxonomy":"category","embeddable":true,"href":"https:\/\/www.michihenomon.de\/index.php?rest_route=%2Fwp%2Fv2%2Fcategories&post=7175"},{"taxonomy":"post_tag","embeddable":true,"href":"https:\/\/www.michihenomon.de\/index.php?rest_route=%2Fwp%2Fv2%2Ftags&post=7175"}],"curies":[{"name":"wp","href":"https:\/\/api.w.org\/{rel}","templated":true}]}}