{"id":7210,"date":"2022-06-21T11:26:09","date_gmt":"2022-06-21T11:26:09","guid":{"rendered":"https:\/\/www.michihenomon.de\/?p=7210"},"modified":"2022-06-21T11:30:21","modified_gmt":"2022-06-21T11:30:21","slug":"trainigsmoeglichkeiten-in-den-sommerferien","status":"publish","type":"post","link":"https:\/\/www.michihenomon.de\/?p=7210","title":{"rendered":"Trainigsm\u00f6glichkeiten in den Sommerferien"},"content":{"rendered":"\n<p><\/p>\n\n\n\n<p>Liebe Sportfreunde, da die Halle in der Zeit vom 7. Juli bis 13. August geschlossen ist, haben uns die Sensei B\u00fcki (7.DAN), Kohl (7.DAN) und Mehnert (6.DAN) eingeladen bei ihnen zu trainieren.<\/p>\n\n\n\n<p>Ich w\u00fcrde dies gern auf folgende Zeiten konzentrieren:<\/p>\n\n\n\n<p>Montags von 18.30-20.00 Uhr in Berlin R\u00fcdicken Str. 24, (Trainer: Mehi &amp; Steven)<\/p>\n\n\n\n<p>Mitwochs von 19.30-21.00 Uhr in Berlin Joseph-Orlopp-Str. 20 (Trainer: J\u00f6rg Kohl &amp; Co-Trainer).<\/p>\n\n\n\n<p>Jeder Erwachsene (unabh\u00e4ngig von Graduierung) der Zeit und Lust hat kann da gern ohne Anmeldung teilnehmen. Unabh\u00e4ngig davon sprechen wir uns gern \u00fcber Fahrgemeinschaften vorher ab.<\/p>\n\n\n\n<p>Gibt es Interesse an bestimmten Trainingsthemen, nehmen die dortigen Trainer das gern auf.<\/p>\n\n\n\n<p>Wir freuen uns auf einen sch\u00f6nen Sommer. Erholt euch gut &#8211; mit oder ohne Karate.<\/p>\n\n\n\n<p><\/p>\n\n\n\n<p>Vielen Dank an Olaf f\u00fcr die Organisation<\/p>\n\n\n\n<p>Sportliche Gr\u00fc\u00dfe <br>Euer Vorstand<\/p>\n","protected":false},"excerpt":{"rendered":"<p>Liebe Sportfreunde, da die Halle in der Zeit vom 7. Juli bis 13. August geschlossen ist, haben uns die Sensei B\u00fcki (7.DAN), Kohl (7.DAN) und Mehnert (6.DAN) eingeladen bei ihnen zu trainieren. Ich w\u00fcrde dies gern auf folgende Zeiten konzentrieren: Montags von 18.30-20.00 Uhr in Berlin R\u00fcdicken Str. 24, (Trainer: Mehi &amp; Steven) Mitwochs von&#8230;<\/p>\n","protected":false},"author":1,"featured_media":7213,"comment_status":"closed","ping_status":"closed","sticky":false,"template":"","format":"standard","meta":{"ngg_post_thumbnail":0,"footnotes":""},"categories":[1,3],"tags":[21,43,28],"class_list":["post-7210","post","type-post","status-publish","format-standard","has-post-thumbnail","hentry","category-allgemein","category-news","tag-karate","tag-karate-oranienburg","tag-shotokan"],"_links":{"self":[{"href":"https:\/\/www.michihenomon.de\/index.php?rest_route=\/wp\/v2\/posts\/7210","targetHints":{"allow":["GET"]}}],"collection":[{"href":"https:\/\/www.michihenomon.de\/index.php?rest_route=\/wp\/v2\/posts"}],"about":[{"href":"https:\/\/www.michihenomon.de\/index.php?rest_route=\/wp\/v2\/types\/post"}],"author":[{"embeddable":true,"href":"https:\/\/www.michihenomon.de\/index.php?rest_route=\/wp\/v2\/users\/1"}],"replies":[{"embeddable":true,"href":"https:\/\/www.michihenomon.de\/index.php?rest_route=%2Fwp%2Fv2%2Fcomments&post=7210"}],"version-history":[{"count":1,"href":"https:\/\/www.michihenomon.de\/index.php?rest_route=\/wp\/v2\/posts\/7210\/revisions"}],"predecessor-version":[{"id":7212,"href":"https:\/\/www.michihenomon.de\/index.php?rest_route=\/wp\/v2\/posts\/7210\/revisions\/7212"}],"wp:featuredmedia":[{"embeddable":true,"href":"https:\/\/www.michihenomon.de\/index.php?rest_route=\/wp\/v2\/media\/7213"}],"wp:attachment":[{"href":"https:\/\/www.michihenomon.de\/index.php?rest_route=%2Fwp%2Fv2%2Fmedia&parent=7210"}],"wp:term":[{"taxonomy":"category","embeddable":true,"href":"https:\/\/www.michihenomon.de\/index.php?rest_route=%2Fwp%2Fv2%2Fcategories&post=7210"},{"taxonomy":"post_tag","embeddable":true,"href":"https:\/\/www.michihenomon.de\/index.php?rest_route=%2Fwp%2Fv2%2Ftags&post=7210"}],"curies":[{"name":"wp","href":"https:\/\/api.w.org\/{rel}","templated":true}]}}