{"id":773,"date":"2016-04-21T10:28:20","date_gmt":"2016-04-21T10:28:20","guid":{"rendered":"http:\/\/www.michihenomon.de\/?p=773"},"modified":"2016-10-16T13:02:48","modified_gmt":"2016-10-16T13:02:48","slug":"lehrgang-bei-namiki-sensei-9th-dan-8-4-16-10-4-16","status":"publish","type":"post","link":"https:\/\/www.michihenomon.de\/?p=773","title":{"rendered":"Lehrgang bei Namiki-Sensei 9th Dan 8.4.16 &#8211; 10.4.16"},"content":{"rendered":"<p><strong>Tag 1<\/strong><\/p>\n<p>Wir kamen, wir sahen, wir trainierten! F\u00fcr Thorsten, Julian und mich war klar worauf wir uns einlie\u00dfen, denn das Training von Namiki-Sensei ist daf\u00fcr bekannt alles andere als einfach zu sein, denn er legt viel Wert auf Etikette, Disziplin und Kampfgeist (Spirit wie er es immer zu sagen pflegt).<br \/>\nUnser erster Tag begann damit das wir in 2 Gruppen aufgeteilt wurden, braun-schwarz &amp; blau abw\u00e4rts wo wir 3 uns einreihten. Unser Training wurde von Shigeo Furusho &#8211; Sensei (jetzt 7. Dan) geleitet. Thema waren Bl\u00f6cke, Schl\u00e4ge und Tritte wo die Grenzen zwischen Kihon (Grundschule) und der kampfbetonten Anwendung verschwammen, im Sinne von k\u00fcrzeren und direkteren Bewegungen. Zum Ende der 2. Einheit des Tages lie\u00df Namiki &#8211; Sensei alle Sch\u00fcler in 2 Reihen aufstellen und anschlie\u00dfend auf beiden Seiten der Halle Platz nehmen. Dann sollte jeweils ein Freiwilliger pro Seite zur Mitte, ich dachte mir nicht&#8217;s bei und stand einfach auf, lief zu Sensei und h\u00f6rte von hinten nur noch rufen: &#8220; Achtung Maik, das ist Freikampf&#8220;, da stand dann aber schon der einige Grade h\u00f6here Dan Tr\u00e4ger vor mir. Als ich Namiki &#8211; Sensei sagte das es mein erstes mal ist, wurde ich mit folgendem Satz beruhigt: &#8222;It doesn&#8217;t matter&#8220;, frei \u00fcbersetzt &#8222;das interessiert nicht&#8220;. Ab diesem Moment sind die Erinnerungen verschwommen, als der Kampf vorbei war setzte ich mich wieder und fragte wie hoch ich verloren habe, aber der Sch\u00fcler neben mir sagte das ich ein Unentschieden erziehlt hatte. Ich war sehr stolz. Danach folgten noch weitere K\u00e4mpfe, auch Julian durfte sich probieren und konnte sogar einen Sieg erringen. *klasse*<\/p>\n<p><strong> Tag 2<\/strong><\/p>\n<p>Wie am Vortag, 2 Gruppen, Kihon (Grundschule) in der ersten und Kata (Form) in der zweiten Trainingseinheit, beide unter der Leitung von Shigeo &#8211; Sensei. Da jeder Meister doch anders trainiert, konnten wir auch hier viel neues lernen und f\u00fcr uns feststellen was gut und was weniger gut klappt. Zu Thorsten sagte Shigeo &#8211; Sensei: &#8222;Ich w\u00fcnschte meine Sch\u00fcler w\u00fcrden auch so gut trainieren wie du&#8220;. Gibt es ein besseres Kompliment? Wohl kaum.<br \/>\nWir haben viel geschwitzt und so ging auch dieser Tag vorbei.<\/p>\n<p><strong> Tag 2 Abendessen <\/strong><br \/>\nAm Samstag Abend hatte Vivien W. (Sch\u00fclerin eines anderen Dojo&#8217;s) ein Essen beim Asiaten organisiert, 2 lange Tischreihen voll mit Sch\u00fclern und Meistern in entspannter Atmosph\u00e4re bei Trunk und Schmaus. Noch vor dem Essen wurden Diplome f\u00fcr bestandene Pr\u00fcfungen, Ehrungen und Geschenke \u00fcbergeben. Namiki &#8211; Sensei ging an dem Abend von Tisch zu Tisch und gab Teile seines imensen Karate Wissens weiter, alle in unmittelbarer N\u00e4he lauschten gespannt. Leere Gef\u00e4\u00dfe sind halt gut zu f\u00fcllen! Insgesamt war es ein sehr lustiger Abend und eine Ehre mit solch hochrangigen Karatekern neben dem Training Zeit zu verbringen.<\/p>\n<p><strong>Tag 3<\/strong><\/p>\n<p>Leider schon der letzte Tag. Unsere Gruppe, blau abw\u00e4rts, wurde diesmal von B\u00fcki &#8211; Sensei (7. Dan) trainiert, dort lernten wir Schritttechniken &amp; wie wichtig H\u00fcftbewegung und das Halten der H\u00f6he bei jeder Technik ist. Zu Beginn der 2. Einheit wurde wieder in 2 Gruppen aufgeteilt. Da wir bis dato nicht einmal direkt unter Namiki &#8211; Sensei trainieren konnten &amp; somit die letzte Chance vorbei schien, gingen Julian und ich mit gesenktem Haupt in unsere Gruppe zur\u00fcck, das wiederum muss Weiselowski &#8211; Sensei gesehen haben &amp; sagte das alle blau Gurte die es sich zutrauen, bei den braun &#8211; schwarz Gurten mittrainieren d\u00fcrfen. Wir schauten uns an und verstanden uns wortlos, also ab bei den Gro\u00dfen mitspielen. Das war ein Wurf ins kalte Wasser, es ging sofort mit Partner\u00fcbungen und diversen Kombinationen los die uns alles abverlangten, der Schwei\u00df lief gleich doppelt so schnell wie an den Vortagen, st\u00e4ndiger Partnerwechsel, neue Aufgaben und zum Abschluss wieder der Freikampf mit Schiedsrichter wie am 1. Tag, wo wir nochmal alles geben konnten.<\/p>\n<p><strong>Fazit <\/strong><\/p>\n<p>Wie erwartet ein super Lehrgang mit Spa\u00df, Schmerz und vielen neuen Eindr\u00fccken. Wenn auch mit traurigem Beigeschmack, da Namiki &#8211; Sensei einen schier aussichtslosen Kampf gegen Krebs f\u00fchrt. Und selbst mit dem Wissen das seine Tage gez\u00e4hlt sind k\u00e4mpft dieser Mann, trainiert uns und l\u00e4chelt. Das muss jener &#8222;Spirit&#8220; sein von dem er die ganze Zeit sprach. Namiki &#8211; Sensei sagt er kommt wieder, wir glauben ihm, w\u00fcnschen alles Gute und freuen uns riesig auf ein Wiedersehen.<\/p>\n<p>Oss, Thorsten, Julian und Maik<\/p>\n<p><img loading=\"lazy\" decoding=\"async\" class=\"aligncenter wp-image-775 size-full\" src=\"http:\/\/www.michihenomon.de\/wp\/wp-content\/uploads\/2016\/04\/13045565_10206143930185952_694041876_n.jpg\" alt=\"13045565_10206143930185952_694041876_n\" width=\"960\" height=\"540\" srcset=\"https:\/\/www.michihenomon.de\/wp\/wp-content\/uploads\/2016\/04\/13045565_10206143930185952_694041876_n.jpg 960w, https:\/\/www.michihenomon.de\/wp\/wp-content\/uploads\/2016\/04\/13045565_10206143930185952_694041876_n-300x169.jpg 300w, https:\/\/www.michihenomon.de\/wp\/wp-content\/uploads\/2016\/04\/13045565_10206143930185952_694041876_n-768x432.jpg 768w, https:\/\/www.michihenomon.de\/wp\/wp-content\/uploads\/2016\/04\/13045565_10206143930185952_694041876_n-500x281.jpg 500w\" sizes=\"auto, (max-width: 960px) 100vw, 960px\" \/><\/p>\n","protected":false},"excerpt":{"rendered":"<p>Tag 1 Wir kamen, wir sahen, wir trainierten! F\u00fcr Thorsten, Julian und mich war klar worauf wir uns einlie\u00dfen, denn das Training von Namiki-Sensei ist daf\u00fcr bekannt alles andere als einfach zu sein, denn er legt viel Wert auf Etikette, Disziplin und Kampfgeist (Spirit wie er es immer zu sagen pflegt). Unser erster Tag begann&#8230;<\/p>\n","protected":false},"author":6,"featured_media":775,"comment_status":"open","ping_status":"open","sticky":false,"template":"","format":"standard","meta":{"ngg_post_thumbnail":0,"footnotes":""},"categories":[5,12],"tags":[24,21,50,29,28],"class_list":["post-773","post","type-post","status-publish","format-standard","has-post-thumbnail","hentry","category-berichte","category-lehrgange","tag-kampfsport","tag-karate","tag-namiki","tag-oranienburg","tag-shotokan"],"_links":{"self":[{"href":"https:\/\/www.michihenomon.de\/index.php?rest_route=\/wp\/v2\/posts\/773","targetHints":{"allow":["GET"]}}],"collection":[{"href":"https:\/\/www.michihenomon.de\/index.php?rest_route=\/wp\/v2\/posts"}],"about":[{"href":"https:\/\/www.michihenomon.de\/index.php?rest_route=\/wp\/v2\/types\/post"}],"author":[{"embeddable":true,"href":"https:\/\/www.michihenomon.de\/index.php?rest_route=\/wp\/v2\/users\/6"}],"replies":[{"embeddable":true,"href":"https:\/\/www.michihenomon.de\/index.php?rest_route=%2Fwp%2Fv2%2Fcomments&post=773"}],"version-history":[{"count":5,"href":"https:\/\/www.michihenomon.de\/index.php?rest_route=\/wp\/v2\/posts\/773\/revisions"}],"predecessor-version":[{"id":782,"href":"https:\/\/www.michihenomon.de\/index.php?rest_route=\/wp\/v2\/posts\/773\/revisions\/782"}],"wp:featuredmedia":[{"embeddable":true,"href":"https:\/\/www.michihenomon.de\/index.php?rest_route=\/wp\/v2\/media\/775"}],"wp:attachment":[{"href":"https:\/\/www.michihenomon.de\/index.php?rest_route=%2Fwp%2Fv2%2Fmedia&parent=773"}],"wp:term":[{"taxonomy":"category","embeddable":true,"href":"https:\/\/www.michihenomon.de\/index.php?rest_route=%2Fwp%2Fv2%2Fcategories&post=773"},{"taxonomy":"post_tag","embeddable":true,"href":"https:\/\/www.michihenomon.de\/index.php?rest_route=%2Fwp%2Fv2%2Ftags&post=773"}],"curies":[{"name":"wp","href":"https:\/\/api.w.org\/{rel}","templated":true}]}}