{"id":895,"date":"2016-11-23T09:38:22","date_gmt":"2016-11-23T09:38:22","guid":{"rendered":"http:\/\/www.michihenomon.de\/?p=895"},"modified":"2016-11-23T14:26:56","modified_gmt":"2016-11-23T14:26:56","slug":"bericht-zum-lehrgang-beim-sv-tora-am-19-20-11-2016","status":"publish","type":"post","link":"https:\/\/www.michihenomon.de\/?p=895","title":{"rendered":"Bericht zum Lehrgang beim SV Tora am 19.\/20.11.2016"},"content":{"rendered":"<p>Am Samstag um 14:30 Uhr startete das Training ab dem 6. Kyu (gr\u00fcner G\u00fcrtel). Die schlechte Nachricht gab es gleich zu Beginn, Sensei B\u00fcki wird nicht unterrichten k\u00f6nnen. So begann die erste Einheit mit Sensei Kohl. Hier wurde intensiv an der Bein- und Schrittarbeit gepfeilt. Die \u00dcbungen kamen dem ein oder anderen anfangs vielleicht eint\u00f6nig vor, waren jedoch durchaus fordernd. So wurde erst &#8222;trocken&#8220; ge\u00fcbt und anschlie\u00dfend die Schrittarbeit in Partner\u00fcbungen umgesetzt. Zum Schluss gab es dann nocheinmal drei Runden &#8222;lockeren&#8220; Freikampf. Eine gute und wichtige Trainingseinheit, da vieles so schnell wieder vergessen wird. Danke Sensei Kohl.<\/p>\n<p>Dann kam Sensei Mehnert zur 2. Einheit. Es wurden fl\u00fcssige anspruchsvolle Kombinationen gefordert. Dabei wurden die Aspekte von Sensei Kohl noch vertieft. Mit humorvoller Art, schafft er es auch den vielen jungen Karateka die wichtigen Punkte nahezubringen.<\/p>\n<p>Sonntag begann das Training bereits um 10:30 Uhr und die Gruppen wurden nach der Graduierung aufgeteilt. Violett und Braun hatten das Gl\u00fcck wieder unter Sensei Mehnert zu trainieren. Es gab wieder Kombinationen mit dem Partner. Der Fokus lag in der gesamten Einheit auf der richtigen Atmung und ihrer bewussten Kontrolle. Eine tolle Trainingseinheit, die einem bewusst gemacht hat &#8222;wie viel Luft&#8220; man noch hat&#8230; auch nach oben ;-).<br \/>\nDanke Sensei Mehnert.<\/p>\n<p>Oss Falk.<\/p>\n<p>Der Lehrgang endete mit Pr\u00fcfungen. Auch unsere zwei Teilnehmer, Torsten und Falk nahmen erfolgreich an diesen Teil. Herzlichen Gl\u00fcckwunsch!<\/p>\n<p>Oss Fabian.<\/p>\n","protected":false},"excerpt":{"rendered":"<p>Am Samstag um 14:30 Uhr startete das Training ab dem 6. Kyu (gr\u00fcner G\u00fcrtel). Die schlechte Nachricht gab es gleich zu Beginn, Sensei B\u00fcki wird nicht unterrichten k\u00f6nnen. So begann die erste Einheit mit Sensei Kohl. Hier wurde intensiv an der Bein- und Schrittarbeit gepfeilt. Die \u00dcbungen kamen dem ein oder anderen anfangs vielleicht eint\u00f6nig&#8230;<\/p>\n","protected":false},"author":6,"featured_media":515,"comment_status":"open","ping_status":"open","sticky":false,"template":"","format":"standard","meta":{"ngg_post_thumbnail":0,"footnotes":""},"categories":[12],"tags":[24,21,43,37,60,28,53,45],"class_list":["post-895","post","type-post","status-publish","format-standard","has-post-thumbnail","hentry","category-lehrgange","tag-kampfsport","tag-karate","tag-karate-oranienburg","tag-michihenomon","tag-sensei-mehnert","tag-shotokan","tag-shotokan-karate","tag-sv-tora"],"_links":{"self":[{"href":"https:\/\/www.michihenomon.de\/index.php?rest_route=\/wp\/v2\/posts\/895","targetHints":{"allow":["GET"]}}],"collection":[{"href":"https:\/\/www.michihenomon.de\/index.php?rest_route=\/wp\/v2\/posts"}],"about":[{"href":"https:\/\/www.michihenomon.de\/index.php?rest_route=\/wp\/v2\/types\/post"}],"author":[{"embeddable":true,"href":"https:\/\/www.michihenomon.de\/index.php?rest_route=\/wp\/v2\/users\/6"}],"replies":[{"embeddable":true,"href":"https:\/\/www.michihenomon.de\/index.php?rest_route=%2Fwp%2Fv2%2Fcomments&post=895"}],"version-history":[{"count":4,"href":"https:\/\/www.michihenomon.de\/index.php?rest_route=\/wp\/v2\/posts\/895\/revisions"}],"predecessor-version":[{"id":897,"href":"https:\/\/www.michihenomon.de\/index.php?rest_route=\/wp\/v2\/posts\/895\/revisions\/897"}],"wp:featuredmedia":[{"embeddable":true,"href":"https:\/\/www.michihenomon.de\/index.php?rest_route=\/wp\/v2\/media\/515"}],"wp:attachment":[{"href":"https:\/\/www.michihenomon.de\/index.php?rest_route=%2Fwp%2Fv2%2Fmedia&parent=895"}],"wp:term":[{"taxonomy":"category","embeddable":true,"href":"https:\/\/www.michihenomon.de\/index.php?rest_route=%2Fwp%2Fv2%2Fcategories&post=895"},{"taxonomy":"post_tag","embeddable":true,"href":"https:\/\/www.michihenomon.de\/index.php?rest_route=%2Fwp%2Fv2%2Ftags&post=895"}],"curies":[{"name":"wp","href":"https:\/\/api.w.org\/{rel}","templated":true}]}}