{"id":940,"date":"2017-04-26T18:46:26","date_gmt":"2017-04-26T18:46:26","guid":{"rendered":"http:\/\/www.michihenomon.de\/?p=940"},"modified":"2017-04-29T10:00:32","modified_gmt":"2017-04-29T10:00:32","slug":"training-in-den-ferien-10-4-21-4-17","status":"publish","type":"post","link":"https:\/\/www.michihenomon.de\/?p=940","title":{"rendered":"Training in den Ferien 10.4-21.4.17"},"content":{"rendered":"<p>An dieser Stelle soll dieses Mal weniger ein Bericht des gesamten Trainings, als viel mehr eine Danksagung an unsere Freunde und Trainer&nbsp;f\u00fcr die nette Aufnahme und das gute Training stehen. Es sind Ferien und unsere heiligen Hallen bleiben geschlossen. Kein offenes Dojo hei\u00dft nat\u00fcrlich auch eine andere Art Training (wer an dieser Stelle &#8222;Kein Training&#8220; erwartet hat, hat wohl noch nicht bei uns trainiert). Die einen bilden sich&nbsp;Zuhause weiter, treiben Sport oder \u00fcben selbstst\u00e4ndig, und eine Gruppe hartn\u00e4ckiger Karateka macht sich mal wieder auf den Weg nach Berlin. Ziel des Ganzen ist nat\u00fcrlich nette Fachgespr\u00e4che zu f\u00fchren, neue Trainingspartner zu treffen und vor allem Infos und Methoden mit in unseren Verein zu bringen. Alle die dabei waren konnten nat\u00fcrlich au\u00dferdem ein paar grandiose Trainingseinheiten mitnehmen und sich weiterentwickeln.<\/p>\n<p>Bedanken wollen wir uns auf diesem Wege beim <a href=\"http:\/\/www.sv-tora.de\/aktuelles.php\">SV Tora Berlin e. V.<\/a>, beim <a href=\"https:\/\/www.sc-eintracht-berlin.de\/\">SC Eintracht Berlin e. V.<\/a>&nbsp;sowie bei Sensei Mehnert, Sensei B\u00fcki und Sensei Frommer. Als Leiter, der von uns besuchten Trainingseinheiten, freuen wir uns vor allem \u00fcber alles, was wir&nbsp;mitnehmen durften. Einiges wird nach den Ferien auch bei uns trainiert und an alle unsere Karateka weitergegeben. So kann ich mir auch die M\u00fche sparen, Trainingsinhalten zu erl\u00e4utern. Die werdet ihr schon fr\u00fch genug zu sp\u00fcren bekommen (mit sp\u00fcren ist tats\u00e4chlich wirklich sp\u00fcren gemeint).<\/p>\n<p>Als Letztes dann doch noch ein klein wenig Bericht f\u00fcr alle Interessierten. Wir sind in den letzten zwei Wochen vier Mal nach Berlin gefahren, um dort das Training wahrzunehmen. Am 10.4. und 21.4. waren wir beim SV Tora zu Gast. Trainer waren Sensei Mehnert und Sensei B\u00fcki. Den 12.4. und 19.4. verbrachten wir in den Hallen des SC Eintracht, unter Leitung von Sensei Frommer. Alle Einheiten waren anders und alle Trainings waren der Hammer!<\/p>\n<p>Wir Freuen uns schon auf die n\u00e4chste M\u00f6glichkeit, eure G\u00e4ste zu sein.<\/p>\n<p>Oss Fabian<\/p>\n<p><iframe loading=\"lazy\" style=\"border: none; overflow: hidden;\" src=\"https:\/\/www.facebook.com\/plugins\/post.php?href=https%3A%2F%2Fwww.facebook.com%2Fsce.karate%2Fposts%2F1337638989649484%3A0&amp;width=500\" width=\"500\" height=\"375\" frameborder=\"0\" scrolling=\"no\"><\/iframe><\/p>\n","protected":false},"excerpt":{"rendered":"<p>An dieser Stelle soll dieses Mal weniger ein Bericht des gesamten Trainings, als viel mehr eine Danksagung an unsere Freunde und Trainer&nbsp;f\u00fcr die nette Aufnahme und das gute Training stehen. Es sind Ferien und unsere heiligen Hallen bleiben geschlossen. Kein offenes Dojo hei\u00dft nat\u00fcrlich auch eine andere Art Training (wer an dieser Stelle &#8222;Kein Training&#8220;&#8230;<\/p>\n","protected":false},"author":6,"featured_media":86,"comment_status":"open","ping_status":"open","sticky":false,"template":"","format":"standard","meta":{"ngg_post_thumbnail":0,"footnotes":""},"categories":[5],"tags":[24,21,44,43,54,53,45],"class_list":["post-940","post","type-post","status-publish","format-standard","has-post-thumbnail","hentry","category-berichte","tag-kampfsport","tag-karate","tag-karate-berlin","tag-karate-oranienburg","tag-sc-eintracht","tag-shotokan-karate","tag-sv-tora"],"_links":{"self":[{"href":"https:\/\/www.michihenomon.de\/index.php?rest_route=\/wp\/v2\/posts\/940","targetHints":{"allow":["GET"]}}],"collection":[{"href":"https:\/\/www.michihenomon.de\/index.php?rest_route=\/wp\/v2\/posts"}],"about":[{"href":"https:\/\/www.michihenomon.de\/index.php?rest_route=\/wp\/v2\/types\/post"}],"author":[{"embeddable":true,"href":"https:\/\/www.michihenomon.de\/index.php?rest_route=\/wp\/v2\/users\/6"}],"replies":[{"embeddable":true,"href":"https:\/\/www.michihenomon.de\/index.php?rest_route=%2Fwp%2Fv2%2Fcomments&post=940"}],"version-history":[{"count":5,"href":"https:\/\/www.michihenomon.de\/index.php?rest_route=\/wp\/v2\/posts\/940\/revisions"}],"predecessor-version":[{"id":1035,"href":"https:\/\/www.michihenomon.de\/index.php?rest_route=\/wp\/v2\/posts\/940\/revisions\/1035"}],"wp:featuredmedia":[{"embeddable":true,"href":"https:\/\/www.michihenomon.de\/index.php?rest_route=\/wp\/v2\/media\/86"}],"wp:attachment":[{"href":"https:\/\/www.michihenomon.de\/index.php?rest_route=%2Fwp%2Fv2%2Fmedia&parent=940"}],"wp:term":[{"taxonomy":"category","embeddable":true,"href":"https:\/\/www.michihenomon.de\/index.php?rest_route=%2Fwp%2Fv2%2Fcategories&post=940"},{"taxonomy":"post_tag","embeddable":true,"href":"https:\/\/www.michihenomon.de\/index.php?rest_route=%2Fwp%2Fv2%2Ftags&post=940"}],"curies":[{"name":"wp","href":"https:\/\/api.w.org\/{rel}","templated":true}]}}